{"id":52789,"date":"2023-03-14T12:16:51","date_gmt":"2023-03-14T18:16:51","guid":{"rendered":"http:\/\/www.zonaroja.com.mx\/?p=52789"},"modified":"2023-03-14T12:16:58","modified_gmt":"2023-03-14T18:16:58","slug":"gobiernono-se-dio-cuenta-de-dos-plagios-en-concurso-de-imagen-de-guelaguetza-desechan-primer-lugar","status":"publish","type":"post","link":"https:\/\/zonaroja.com.mx\/?p=52789","title":{"rendered":"Gobierno\u201cno se dio cuenta\u201d de dos plagios en concurso de imagen de Guelaguetza; desechan primer lugar"},"content":{"rendered":"\n<p>Ismael Garc\u00eda M.\/Zona Roja.&nbsp;<\/p>\n\n\n\n<p>Oaxaca de Ju\u00e1rez, Oax., a 14 de marzo de 2023.- En menos de 24 horas, el gobierno de Oaxaca detect\u00f3 probables plagios y enga\u00f1os en la elecci\u00f3n de la imagen para la Guelaguetza 2023, pero ya los hab\u00eda calificado como v\u00e1lidos, para el primer y segundo lugar<\/p>\n\n\n\n<p>Esta ma\u00f1ana, tras severas cr\u00edticas al proceso como al cartel ganador, le Secretar\u00eda de Turismo que preside Saymi Pineda, recul\u00f3 respecto al primer lugar:<\/p>\n\n\n\n<p>\u201cEl Jurado Calificador para seleccionar la imagen oficial de la Guelaguetza 2023 inform\u00f3 que decidi\u00f3 cambiar su veredicto y elegir\u00e1 una nueva ilustraci\u00f3n para la m\u00e1xima fiesta de las y los oaxaque\u00f1os.<\/p>\n\n\n\n<p>\u201cSus integrantes dieron a conocer que ser\u00e1 en las pr\u00f3ximas horas cuando presente la nueva imagen oficial que representar\u00e1 a las actividades de \u2018Julio, Mes de la &nbsp;&nbsp;Guelaguetza 2023\u201d.<\/p>\n\n\n\n<p>\u201cSe\u00f1alaron que esta decisi\u00f3n fue tomada en cuenta en relaci\u00f3n con una fotograf\u00eda que registra elementos similares a la imagen presentada, misma que no era conocida por el Jurado Calificador, por lo que despu\u00e9s de un an\u00e1lisis y evaluaci\u00f3n de esta situaci\u00f3n y aunque s\u00ed reconocen las similitudes, sin tratarse de un plagio, el jurado decidi\u00f3 cambiar su veredicto\u201d.<\/p>\n\n\n\n<p>En un comunicado, el gobierno de Salom\u00f3n Jara Cruz agreg\u00f3 que l\u201do que se busca es evitar una pol\u00e9mica que manche la edici\u00f3n de la Guelaguetza 2023\u201d<\/p>\n\n\n\n<p>Anunciaron que la nueva imagen se elegir\u00e1 de&nbsp;entre las 10&nbsp;semifinalistas.<\/p>\n\n\n\n<p>Apenas ayer, en otro comunicado de prensa, reconoci\u00f3 que \u201cacuerdo a los lineamientos de las bases de la convocatoria emitida en noviembre del 2022, la pieza \u2018Dioses del Fort\u00edn\u2019, que obtuvo el segundo lugar, qued\u00f3 descalificada, al ser una obra que particip\u00f3 en este mismo certamen en la edici\u00f3n del a\u00f1o 2021\u201d.<\/p>\n","protected":false},"excerpt":{"rendered":"<p>Ismael Garc\u00eda M.\/Zona Roja.&nbsp; Oaxaca de Ju\u00e1rez, Oax., a 14 de marzo de 2023.- En&hellip;<\/p>\n","protected":false},"author":2,"featured_media":52788,"comment_status":"closed","ping_status":"open","sticky":false,"template":"","format":"standard","meta":{"_lmt_disableupdate":"","_lmt_disable":"","_jetpack_memberships_contains_paid_content":false,"footnotes":""},"categories":[109,47],"tags":[3460],"class_list":["post-52789","post","type-post","status-publish","format-standard","has-post-thumbnail","hentry","category-minuto-a-minuto","category-zona-gris","tag-guelague"],"jetpack_featured_media_url":"https:\/\/zonaroja.com.mx\/wp-content\/uploads\/2023\/03\/851b25bd-c2f1-45a7-a011-c7f7911e2f1c.jpg","jetpack_sharing_enabled":true,"_links":{"self":[{"href":"https:\/\/zonaroja.com.mx\/index.php?rest_route=\/wp\/v2\/posts\/52789","targetHints":{"allow":["GET"]}}],"collection":[{"href":"https:\/\/zonaroja.com.mx\/index.php?rest_route=\/wp\/v2\/posts"}],"about":[{"href":"https:\/\/zonaroja.com.mx\/index.php?rest_route=\/wp\/v2\/types\/post"}],"author":[{"embeddable":true,"href":"https:\/\/zonaroja.com.mx\/index.php?rest_route=\/wp\/v2\/users\/2"}],"replies":[{"embeddable":true,"href":"https:\/\/zonaroja.com.mx\/index.php?rest_route=%2Fwp%2Fv2%2Fcomments&post=52789"}],"version-history":[{"count":1,"href":"https:\/\/zonaroja.com.mx\/index.php?rest_route=\/wp\/v2\/posts\/52789\/revisions"}],"predecessor-version":[{"id":52790,"href":"https:\/\/zonaroja.com.mx\/index.php?rest_route=\/wp\/v2\/posts\/52789\/revisions\/52790"}],"wp:featuredmedia":[{"embeddable":true,"href":"https:\/\/zonaroja.com.mx\/index.php?rest_route=\/wp\/v2\/media\/52788"}],"wp:attachment":[{"href":"https:\/\/zonaroja.com.mx\/index.php?rest_route=%2Fwp%2Fv2%2Fmedia&parent=52789"}],"wp:term":[{"taxonomy":"category","embeddable":true,"href":"https:\/\/zonaroja.com.mx\/index.php?rest_route=%2Fwp%2Fv2%2Fcategories&post=52789"},{"taxonomy":"post_tag","embeddable":true,"href":"https:\/\/zonaroja.com.mx\/index.php?rest_route=%2Fwp%2Fv2%2Ftags&post=52789"}],"curies":[{"name":"wp","href":"https:\/\/api.w.org\/{rel}","templated":true}]}}