{"id":5279,"date":"2019-10-30T19:14:31","date_gmt":"2019-10-31T01:14:31","guid":{"rendered":"http:\/\/www.zonaroja.com.mx\/?p=5279"},"modified":"2019-10-30T19:14:34","modified_gmt":"2019-10-31T01:14:34","slug":"imparables-tambien-feminicidios-y-asesinatos-de-mujeres-en-oaxaca","status":"publish","type":"post","link":"https:\/\/zonaroja.com.mx\/?p=5279","title":{"rendered":"Imparables tambi\u00e9n feminicidios y asesinatos de mujeres en Oaxaca"},"content":{"rendered":"\n<p>Evlin Arag\u00f3n\/Zona Roja.<\/p>\n\n\n\n<p>Oaxaca de Ju\u00e1rez, Oax., 30 de octubre\nde 2019.- Tan s\u00f3lo el fin de semana, tres mujeres perdieron la vida de manera\nviolenta en Oaxaca, dos casos de los cuales ocurrieron en San Juan Bautista\nTuxtepec y uno en Santa Catarina Mechoac\u00e1n.<\/p>\n\n\n\n<p>En v\u00edsperas de los festejos de D\u00eda de\nMuertos, el Grupo de Estudios sobre la Mujer \u201cRosario Castellanos\u201d (GesMujer),\ndio a conocer que la cifra de feminicidios en Oaxaca se ha incrementado a 368\ncasos, sin que las autoridades puedan parar la violencia en contra de las\nmujeres en la entidad.<\/p>\n\n\n\n<p>De acuerdo al seguimiento\nhemerogr\u00e1fico que realiza la organizaci\u00f3n, el n\u00famero de asesinatos de mujeres\nmencionados se han registrado del primero de diciembre del 2016 al 28 de\noctubre de 2019, es decir durante la administraci\u00f3n de Alejandro Murat Hinojosa\nque cuenta con una Secretar\u00eda de las Mujeres y una Fiscal\u00eda Especializada en\nDelitos por Raz\u00f3n de G\u00e9nero y que no ha podido reducir la violencia feminicida.\n<\/p>\n\n\n\n<p>De acuerdo con los datos, Valles\nCentrales, Istmo y Costa son las tres regiones m\u00e1s riesgosas para las mujeres,\nincluso concentrando el 58 por ciento del total de casos en todo el territorio,\nseguidas de la Cuenca del Papaloapan donde hace un par de d\u00edas acribillaron a\nuna mujer mientras transitaba por las calles de San Juan Bautista Tuxtepec.<\/p>\n\n\n\n<p>El 45 por ciento de los casos, las\nmujeres asesinadas ten\u00edan entre 16 y 44 de edad, cifra que podr\u00eda ser mayor ya\nque el registro realizado por GesMujer reporta que en un 29 por ciento de los\ncasos se desconoce la edad de las v\u00edctimas.<\/p>\n\n\n\n<p>Los agresores plenamente identificados\nsiguen siendo parejas sentimentales o familiares de las mujeres asesinados, sin\nembargo, en la mayor\u00eda de casos, el 92 por ciento, no se tiene registro de la\nidentidad de los feminicidas, quienes se dan a la fuga ante la inoperancia de\nlas autoridades por garantizar una vida libre de violencia para las mujeres\ncomo lo mandar\u00e1 la ley.<\/p>\n\n\n\n<p>El impacto de balas es hasta ahora la\nprincipal forma en que las mujeres son asesinadas en Oaxaca, seguida del\napu\u00f1alamiento y golpes como han registrado los principales medios de\ncomunicaci\u00f3n escrita quienes reportaron que junio, octubre y enero han sido los\nmeses m\u00e1s violentos de este 2019.<\/p>\n\n\n\n<p>De forma espec\u00edfica el mes de junio ha\nregistrado el mayor n\u00famero de casos durante 2017, 2018 y 2019 de acuerdo con el\ncomparativo, mientras que el mes de julio registra el menor n\u00famero de\nfeminicidios en los tres a\u00f1os mencionados. <\/p>\n\n\n\n<p>La cifra de casos es similar a la que\nreporta Consorcio Oaxaca con 363 feminicidios en el mismo periodo de tiempo, de\nlos cuales tiene el registro que 148 ocurrieron desde la declaraci\u00f3n de la\nAlerta de G\u00e9nero en 40 municipio del estado.<\/p>\n\n\n\n<p>\u201cEl Gobierno del Estado de Oaxaca debe\ngenerar acciones contundentes pues a casi tres a\u00f1os de la actual\nadministraci\u00f3n, no han podido generar acciones que garanticen la vida y\nseguridad de las mujeres en las diferentes regiones del estado\u201d, sentenciaron.<\/p>\n\n\n\n<p>El feminicidio ha sido tipificado en\nlas leyes locales y federales como la forma m\u00e1s extrema de violencia contra las\nmujeres y una de las manifestaciones m\u00e1s graves de la discriminaci\u00f3n hacia\nellas. <\/p>\n\n\n\n<p>Consiste en aquellos asesinatos\ngenerados por el odio de los hombres hac\u00edas las mujeres o por el sentimiento de\nsuperioridad socialmente aceptado entre ambos g\u00e9neros. Muchos de ellos vienen\nacompa\u00f1ados de violencia sexual y se ha tipificado como delito debido a sus\ncaracter\u00edsticas.<\/p>\n","protected":false},"excerpt":{"rendered":"<p>Evlin Arag\u00f3n\/Zona Roja. Oaxaca de Ju\u00e1rez, Oax., 30 de octubre de 2019.- Tan s\u00f3lo el&hellip;<\/p>\n","protected":false},"author":2,"featured_media":5280,"comment_status":"closed","ping_status":"open","sticky":false,"template":"","format":"standard","meta":{"_lmt_disableupdate":"","_lmt_disable":"","_jetpack_memberships_contains_paid_content":false,"footnotes":""},"categories":[109,51],"tags":[610],"class_list":["post-5279","post","type-post","status-publish","format-standard","has-post-thumbnail","hentry","category-minuto-a-minuto","category-zona-roja","tag-feminicidios-oaxaca"],"jetpack_featured_media_url":"https:\/\/zonaroja.com.mx\/wp-content\/uploads\/2019\/10\/ayuda.jpg","jetpack_sharing_enabled":true,"_links":{"self":[{"href":"https:\/\/zonaroja.com.mx\/index.php?rest_route=\/wp\/v2\/posts\/5279","targetHints":{"allow":["GET"]}}],"collection":[{"href":"https:\/\/zonaroja.com.mx\/index.php?rest_route=\/wp\/v2\/posts"}],"about":[{"href":"https:\/\/zonaroja.com.mx\/index.php?rest_route=\/wp\/v2\/types\/post"}],"author":[{"embeddable":true,"href":"https:\/\/zonaroja.com.mx\/index.php?rest_route=\/wp\/v2\/users\/2"}],"replies":[{"embeddable":true,"href":"https:\/\/zonaroja.com.mx\/index.php?rest_route=%2Fwp%2Fv2%2Fcomments&post=5279"}],"version-history":[{"count":1,"href":"https:\/\/zonaroja.com.mx\/index.php?rest_route=\/wp\/v2\/posts\/5279\/revisions"}],"predecessor-version":[{"id":5281,"href":"https:\/\/zonaroja.com.mx\/index.php?rest_route=\/wp\/v2\/posts\/5279\/revisions\/5281"}],"wp:featuredmedia":[{"embeddable":true,"href":"https:\/\/zonaroja.com.mx\/index.php?rest_route=\/wp\/v2\/media\/5280"}],"wp:attachment":[{"href":"https:\/\/zonaroja.com.mx\/index.php?rest_route=%2Fwp%2Fv2%2Fmedia&parent=5279"}],"wp:term":[{"taxonomy":"category","embeddable":true,"href":"https:\/\/zonaroja.com.mx\/index.php?rest_route=%2Fwp%2Fv2%2Fcategories&post=5279"},{"taxonomy":"post_tag","embeddable":true,"href":"https:\/\/zonaroja.com.mx\/index.php?rest_route=%2Fwp%2Fv2%2Ftags&post=5279"}],"curies":[{"name":"wp","href":"https:\/\/api.w.org\/{rel}","templated":true}]}}