{"id":52794,"date":"2023-03-14T17:55:37","date_gmt":"2023-03-14T23:55:37","guid":{"rendered":"http:\/\/www.zonaroja.com.mx\/?p=52794"},"modified":"2023-03-14T17:55:38","modified_gmt":"2023-03-14T23:55:38","slug":"colectivos-rechazan-a-nuevo-titular-de-comision-de-victimas-hubo-proceso-viciado","status":"publish","type":"post","link":"https:\/\/zonaroja.com.mx\/?p=52794","title":{"rendered":"Colectivos rechazan a nuevo titular de Comisi\u00f3n de V\u00edctimas; hubo proceso viciado"},"content":{"rendered":"\n<p>Yuridiana Sosa\/Zona Roja.<\/p>\n\n\n\n<p>Oaxaca de Ju\u00e1rez, Oax., a 14 de marzo de 2023.- Colectivos y organizaciones civiles en atenci\u00f3n a v\u00edctimas, denunciaron hoy que fueron usados para legitimar un proceso que carece de toda legalidad, pues el titular de la Comisi\u00f3n Ejecutiva Estatal de Atenci\u00f3n Integral a V\u00edctimas, H\u00e9ctor Vila Ortiz, no era parte de la terna seleccionada.<\/p>\n\n\n\n<p>El Poder Ejecutivo y el Congreso de Oaxaca tomaron por sorpresa a los colectivos y familiares de v\u00edctimas durante la elecci\u00f3n del comisionado el pasado 8 de marzo, pues Vila Ortiz fue rechazado previamente tras las entrevistas a los candidatos al no contar con el perfil id\u00f3neo.<\/p>\n\n\n\n<p>As\u00ed lo se\u00f1alaron los afectados en conferencia de prensa este martes, en la que presentaron un escrito dirigido a la Coordinadora para la Atenci\u00f3n de los Derechos Humanos, Flor Estela Morales Hern\u00e1ndez y al secretario de Gobierno, Jes\u00fas Romero L\u00f3pez, para que expliquen el procedimiento que ocuparon para enviar la terna al Congreso de Oaxaca.<\/p>\n\n\n\n<p>\u201cAcudimos a exigir una explicaci\u00f3n ante este acto de corrupci\u00f3n en donde se nos ocup\u00f3 para legitimar un proceso viciado y torpe\u201d, manifestaron.<\/p>\n\n\n\n<p>En el proceso, apuntaron, se viol\u00f3 la convocatoria y la Ley de V\u00edctimas al no enviarse la terna seleccionada el 1 de marzo por colectivos, expertos y organizaciones especializadas en atenci\u00f3n, asesor\u00eda y acompa\u00f1amiento a v\u00edctimas de delitos o de violaciones de los derechos, quienes fueron parte de todo el proceso de elecci\u00f3n.<\/p>\n\n\n\n<p>H\u00e9ctor Vila Ortiz fue rechazado de manera un\u00e1nime por las organizaciones y colectivos que participaron en todo el proceso al no contar los requisitos establecidos en la ley de V\u00edctimas.<\/p>\n\n\n\n<p>Desde su perspectiva, el nuevo titular no cuenta con la experiencia en trabajo con organizaciones, desconoce los mecanismos con los que trabaja la Comisi\u00f3n de V\u00edctimas, como es el Mecanismo de Protecci\u00f3n de Personas Defensoras; no tener trabajo sobresaliente en materia de atenci\u00f3n y protecci\u00f3n de v\u00edctimas, y porque no dio respuesta a ninguna de las interrogantes realizadas por las y los suscritos.<\/p>\n\n\n\n<p>Durante el proceso de entrevista, Vila Ortiz no dio respuesta a los cuestionamientos y desvi\u00f3 cada uno de los temas planteados, agregaron.<\/p>\n\n\n\n<p>Se\u00f1alaron que tambi\u00e9n algunos diputados manifestaron el d\u00eda de la elecci\u00f3n el desconocimiento de los perfiles curriculares de los candidatos a la terna, as\u00ed como que Vila Ortiz fue el \u00fanico presente en la sesi\u00f3n extraordinaria de entre los candidatos.<\/p>\n\n\n\n<figure class=\"wp-block-embed is-type-rich is-provider-twitter wp-block-embed-twitter\"><div class=\"wp-block-embed__wrapper\">\n<div class=\"twitter-tweet\"><blockquote class=\"twitter-tweet\" data-lang=\"es\"><p lang=\"es\" dir=\"ltr\"><a href=\"https:\/\/twitter.com\/hashtag\/%C3%9AltimoMinuto?src=hash&amp;ref_src=twsrc%5Etfw\">#\u00daltimoMinuto<\/a><br>Por m\u00faltiples irregularidades en la elecci\u00f3n del titular de la Comisi\u00f3n Estatal de Atenci\u00f3n a V\u00edctimas, colectivos de la sociedad civil demandan al <a href=\"https:\/\/twitter.com\/CongresoOaxaca_?ref_src=twsrc%5Etfw\">@CongresoOaxaca_<\/a> reponer el procedimiento. Escuche: <a href=\"https:\/\/t.co\/6K4IjK2uQq\">pic.twitter.com\/6K4IjK2uQq<\/a><\/p>&mdash; Zona Roja Oaxaca (@ZonaRoja_Oaxaca) <a href=\"https:\/\/twitter.com\/ZonaRoja_Oaxaca\/status\/1635699235109601294?ref_src=twsrc%5Etfw\">14 de marzo de 2023<\/a><\/blockquote><\/div>\n<\/div><\/figure>\n","protected":false},"excerpt":{"rendered":"<p>Yuridiana Sosa\/Zona Roja. Oaxaca de Ju\u00e1rez, Oax., a 14 de marzo de 2023.- Colectivos y&hellip;<\/p>\n","protected":false},"author":2,"featured_media":52795,"comment_status":"closed","ping_status":"open","sticky":false,"template":"","format":"standard","meta":{"_lmt_disableupdate":"","_lmt_disable":"","_jetpack_memberships_contains_paid_content":false,"footnotes":""},"categories":[109,47],"tags":[3461],"class_list":["post-52794","post","type-post","status-publish","format-standard","has-post-thumbnail","hentry","category-minuto-a-minuto","category-zona-gris","tag-comision-ejecutiva-estatal-de-atencion-a-victimas"],"jetpack_featured_media_url":"https:\/\/zonaroja.com.mx\/wp-content\/uploads\/2023\/03\/Colectivos-denuncia-comision-de-victimas.jpg","jetpack_sharing_enabled":true,"_links":{"self":[{"href":"https:\/\/zonaroja.com.mx\/index.php?rest_route=\/wp\/v2\/posts\/52794","targetHints":{"allow":["GET"]}}],"collection":[{"href":"https:\/\/zonaroja.com.mx\/index.php?rest_route=\/wp\/v2\/posts"}],"about":[{"href":"https:\/\/zonaroja.com.mx\/index.php?rest_route=\/wp\/v2\/types\/post"}],"author":[{"embeddable":true,"href":"https:\/\/zonaroja.com.mx\/index.php?rest_route=\/wp\/v2\/users\/2"}],"replies":[{"embeddable":true,"href":"https:\/\/zonaroja.com.mx\/index.php?rest_route=%2Fwp%2Fv2%2Fcomments&post=52794"}],"version-history":[{"count":1,"href":"https:\/\/zonaroja.com.mx\/index.php?rest_route=\/wp\/v2\/posts\/52794\/revisions"}],"predecessor-version":[{"id":52796,"href":"https:\/\/zonaroja.com.mx\/index.php?rest_route=\/wp\/v2\/posts\/52794\/revisions\/52796"}],"wp:featuredmedia":[{"embeddable":true,"href":"https:\/\/zonaroja.com.mx\/index.php?rest_route=\/wp\/v2\/media\/52795"}],"wp:attachment":[{"href":"https:\/\/zonaroja.com.mx\/index.php?rest_route=%2Fwp%2Fv2%2Fmedia&parent=52794"}],"wp:term":[{"taxonomy":"category","embeddable":true,"href":"https:\/\/zonaroja.com.mx\/index.php?rest_route=%2Fwp%2Fv2%2Fcategories&post=52794"},{"taxonomy":"post_tag","embeddable":true,"href":"https:\/\/zonaroja.com.mx\/index.php?rest_route=%2Fwp%2Fv2%2Ftags&post=52794"}],"curies":[{"name":"wp","href":"https:\/\/api.w.org\/{rel}","templated":true}]}}