{"id":52797,"date":"2023-03-14T18:05:54","date_gmt":"2023-03-15T00:05:54","guid":{"rendered":"http:\/\/www.zonaroja.com.mx\/?p=52797"},"modified":"2023-03-14T18:05:56","modified_gmt":"2023-03-15T00:05:56","slug":"detiene-fiscalia-a-presunto-autor-de-feminicidio-de-justa-sonia","status":"publish","type":"post","link":"https:\/\/zonaroja.com.mx\/?p=52797","title":{"rendered":"Detiene Fiscal\u00eda a presunto autor de feminicidio de Justa Sonia"},"content":{"rendered":"\n<p>Redacci\u00f3n\/Zona Roja.<\/p>\n\n\n\n<p>Oaxaca de Ju\u00e1rez, Oax., a 14 de marzo de 2023.- Personal de la Fiscal\u00eda General del Estado de Oaxaca detuvo a un individuo identificado como Javier J. R. D., como probable autor del feminicidio de Justa Sonia C. L., perpetrado el pasado 7 de marzo en San Antonino Castillo Velasco.&nbsp;<\/p>\n\n\n\n<p>En un comunicado detall\u00f3 que, de acuerdo con las investigaciones alrededor del caso, la v\u00edctima fue vista por \u00faltima vez el pasado 7 de marzo de 2023 en Ocotl\u00e1n de Morelos y su cuerpo sin vida fue localizado dos d\u00edas despu\u00e9s -el 9 de marzo- en el paraje conocido como Yazee de San Antonino Castillo Velasco.<\/p>\n\n\n\n<p>Indic\u00f3 que luego de tener conocimiento de los hechos, atrajo el caso a trav\u00e9s de la Unidad de G\u00e9nero de la Direcci\u00f3n de Averiguaciones Previas y Procesos, que realiz\u00f3 las investigaciones que permitieron aportar las pruebas suficientes para que el Juez otorgara la orden de aprehensi\u00f3n que fue ejecutada este 14 de marzo en inmediaciones de Ocotl\u00e1n de Morelos.<\/p>\n\n\n\n<p>Elementos de la Agencia Estatal de Investigaciones (AEI) fueron los encargados de la detenci\u00f3n de Javier J. R. D. quien ser\u00e1 presentado ante las instancias legales correspondientes para determinar su situaci\u00f3n jur\u00eddica en las pr\u00f3ximas horas.<\/p>\n\n\n\n<p>\u201cEl trabajo especializado de la Fiscal\u00eda de Oaxaca, tiene el compromiso de procurar justicia a las v\u00edctimas directas e indirectas de delitos de g\u00e9nero, para evitar la repetici\u00f3n de los mismos, as\u00ed como mecanismos de reparaci\u00f3n\u201d, resalt\u00f3 la instituci\u00f3n que preside Bernardo Rodr\u00edguez Alamilla.<\/p>\n","protected":false},"excerpt":{"rendered":"<p>Redacci\u00f3n\/Zona Roja. Oaxaca de Ju\u00e1rez, Oax., a 14 de marzo de 2023.- Personal de la&hellip;<\/p>\n","protected":false},"author":2,"featured_media":52798,"comment_status":"closed","ping_status":"open","sticky":false,"template":"","format":"standard","meta":{"_lmt_disableupdate":"","_lmt_disable":"","_jetpack_memberships_contains_paid_content":false,"footnotes":""},"categories":[109,46],"tags":[494],"class_list":["post-52797","post","type-post","status-publish","format-standard","has-post-thumbnail","hentry","category-minuto-a-minuto","category-zona-blanca","tag-fiscalia-general-del-estado-de-oaxaca"],"jetpack_featured_media_url":"https:\/\/zonaroja.com.mx\/wp-content\/uploads\/2023\/03\/Denuncia-feminicidio-Ocotlan-Justa-Sonia.jpeg","jetpack_sharing_enabled":true,"_links":{"self":[{"href":"https:\/\/zonaroja.com.mx\/index.php?rest_route=\/wp\/v2\/posts\/52797","targetHints":{"allow":["GET"]}}],"collection":[{"href":"https:\/\/zonaroja.com.mx\/index.php?rest_route=\/wp\/v2\/posts"}],"about":[{"href":"https:\/\/zonaroja.com.mx\/index.php?rest_route=\/wp\/v2\/types\/post"}],"author":[{"embeddable":true,"href":"https:\/\/zonaroja.com.mx\/index.php?rest_route=\/wp\/v2\/users\/2"}],"replies":[{"embeddable":true,"href":"https:\/\/zonaroja.com.mx\/index.php?rest_route=%2Fwp%2Fv2%2Fcomments&post=52797"}],"version-history":[{"count":1,"href":"https:\/\/zonaroja.com.mx\/index.php?rest_route=\/wp\/v2\/posts\/52797\/revisions"}],"predecessor-version":[{"id":52799,"href":"https:\/\/zonaroja.com.mx\/index.php?rest_route=\/wp\/v2\/posts\/52797\/revisions\/52799"}],"wp:featuredmedia":[{"embeddable":true,"href":"https:\/\/zonaroja.com.mx\/index.php?rest_route=\/wp\/v2\/media\/52798"}],"wp:attachment":[{"href":"https:\/\/zonaroja.com.mx\/index.php?rest_route=%2Fwp%2Fv2%2Fmedia&parent=52797"}],"wp:term":[{"taxonomy":"category","embeddable":true,"href":"https:\/\/zonaroja.com.mx\/index.php?rest_route=%2Fwp%2Fv2%2Fcategories&post=52797"},{"taxonomy":"post_tag","embeddable":true,"href":"https:\/\/zonaroja.com.mx\/index.php?rest_route=%2Fwp%2Fv2%2Ftags&post=52797"}],"curies":[{"name":"wp","href":"https:\/\/api.w.org\/{rel}","templated":true}]}}