{"id":52800,"date":"2023-03-14T19:52:55","date_gmt":"2023-03-15T01:52:55","guid":{"rendered":"http:\/\/www.zonaroja.com.mx\/?p=52800"},"modified":"2023-03-14T19:52:57","modified_gmt":"2023-03-15T01:52:57","slug":"denuncia-ges-mujer-que-jara-criminaliza-protestas-feministas-y-le-exige-resultados","status":"publish","type":"post","link":"https:\/\/zonaroja.com.mx\/?p=52800","title":{"rendered":"Denuncia GES Mujer que Jara criminaliza protestas feministas y le exige resultados"},"content":{"rendered":"\n<p>Yuridiana Sosa\/Zona Roja<\/p>\n\n\n\n<p>Oaxaca de Ju\u00e1rez, Oax., a 14 de marzo de 2023.- El gobierno de Salom\u00f3n Jara, a trav\u00e9s del secretario de Gobierno, Jes\u00fas Romero, se ha encargado de criminalizar la protesta de las mujeres en lugar de actuar para acabar con la violencia contra las oaxaque\u00f1as, sentenci\u00f3 la presidenta del Grupo de Estudios sobre la mujer \u201cRosario Castellanos\u201d (GES Mujer), Ang\u00e9lica Ayala Ortiz.<\/p>\n\n\n\n<p>Y es que luego de la protesta del D\u00eda Internacional de la Mujer, en la que se registraron destrozos en la capital del estado, el titular de la Secretar\u00eda de Gobierno asegur\u00f3: \u201cSabemos qui\u00e9nes son y sabemos d\u00f3nde est\u00e1n\u201d, con relaci\u00f3n a las medidas que pueden tomar en contra.<\/p>\n\n\n\n<p>Ante esta situaci\u00f3n, la presidenta de GES Mujer lament\u00f3 que esta administraci\u00f3n, en la que de acuerdo a su propio recuento se han registrado 46 feminicidios en 100 d\u00edas de gobierno, se enfoque en criminalizar la protesta social, como fue la de las mujeres, en vez de mostrar sensibilidad por la crisis de violencia.<\/p>\n\n\n\n<p>\u201cEntonces nosotras decimos: se\u00f1or Romero, d\u00f3nde est\u00e1n, qui\u00e9nes son los agresores de las 46 mujeres que han sido asesinadas. Ya pasaron 100 d\u00edas\u201d, se\u00f1al\u00f3 Ayala Ortiz, quien apunt\u00f3 que la digna rabia de los movimientos se justifica por la falta de acciones, de justicia y diligencia.<\/p>\n\n\n\n<p>Ges Mujer destac\u00f3 que el inicio del gobierno de la \u201cCuarta transformaci\u00f3n\u201d ha sido lamentable, primero por permitir que Oaxaca sea el primer lugar nivel nacional en feminicidios a inicios de este a\u00f1o y luego por ser una administraci\u00f3n en la que no se concretan acciones a favor de la ciudadan\u00eda y tampoco hay di\u00e1logo.<\/p>\n\n\n\n<p>\u201cNos preocupa que este inicio de gobierno ha habido muchas evidencias de que no alcanzan a encontrar el camino para poder empezar a hacer una gesti\u00f3n conforme a derecho\u201d, destac\u00f3 la representante feminista en el marco de la presentaci\u00f3n del micrositio sobre \u201cMonitoreo y Mapeo de la Violencia Feminicida en Oaxaca\u201d, as\u00ed como de la Gu\u00eda de empoderamiento para vivir libres de violencias \u00abMujeres de coraz\u00f3n violeta\u201d.<\/p>\n\n\n\n<figure class=\"wp-block-embed is-type-rich is-provider-twitter wp-block-embed-twitter\"><div class=\"wp-block-embed__wrapper\">\n<div class=\"twitter-tweet\"><blockquote class=\"twitter-tweet\" data-lang=\"es\"><p lang=\"es\" dir=\"ltr\"><a href=\"https:\/\/twitter.com\/hashtag\/ENVIVO?src=hash&amp;ref_src=twsrc%5Etfw\">#ENVIVO<\/a><br>Oaxaca de Ju\u00e1rez, Oax., a 14 de marzo de 2023.- Conferencia de prensa del Grupo de Estudios sobre la Mujer \u201cRosario Castellanos\u201d.<br><br>Transmisi\u00f3n \ud83d\udc47<a href=\"https:\/\/t.co\/0rR9YX4LKr\">https:\/\/t.co\/0rR9YX4LKr<\/a> <a href=\"https:\/\/t.co\/elkPHBM72O\">pic.twitter.com\/elkPHBM72O<\/a><\/p>&mdash; Zona Roja Oaxaca (@ZonaRoja_Oaxaca) <a href=\"https:\/\/twitter.com\/ZonaRoja_Oaxaca\/status\/1635681026352594944?ref_src=twsrc%5Etfw\">14 de marzo de 2023<\/a><\/blockquote><\/div>\n<\/div><\/figure>\n","protected":false},"excerpt":{"rendered":"<p>Yuridiana Sosa\/Zona Roja Oaxaca de Ju\u00e1rez, Oax., a 14 de marzo de 2023.- El gobierno&hellip;<\/p>\n","protected":false},"author":2,"featured_media":52801,"comment_status":"closed","ping_status":"open","sticky":false,"template":"","format":"standard","meta":{"_lmt_disableupdate":"","_lmt_disable":"","_jetpack_memberships_contains_paid_content":false,"footnotes":""},"categories":[109,47],"tags":[524],"class_list":["post-52800","post","type-post","status-publish","format-standard","has-post-thumbnail","hentry","category-minuto-a-minuto","category-zona-gris","tag-ges-mujer"],"jetpack_featured_media_url":"https:\/\/zonaroja.com.mx\/wp-content\/uploads\/2023\/03\/Grupo-de-Estudios-sobre-la-Mujer-GES-Mujer.jpg","jetpack_sharing_enabled":true,"_links":{"self":[{"href":"https:\/\/zonaroja.com.mx\/index.php?rest_route=\/wp\/v2\/posts\/52800","targetHints":{"allow":["GET"]}}],"collection":[{"href":"https:\/\/zonaroja.com.mx\/index.php?rest_route=\/wp\/v2\/posts"}],"about":[{"href":"https:\/\/zonaroja.com.mx\/index.php?rest_route=\/wp\/v2\/types\/post"}],"author":[{"embeddable":true,"href":"https:\/\/zonaroja.com.mx\/index.php?rest_route=\/wp\/v2\/users\/2"}],"replies":[{"embeddable":true,"href":"https:\/\/zonaroja.com.mx\/index.php?rest_route=%2Fwp%2Fv2%2Fcomments&post=52800"}],"version-history":[{"count":1,"href":"https:\/\/zonaroja.com.mx\/index.php?rest_route=\/wp\/v2\/posts\/52800\/revisions"}],"predecessor-version":[{"id":52802,"href":"https:\/\/zonaroja.com.mx\/index.php?rest_route=\/wp\/v2\/posts\/52800\/revisions\/52802"}],"wp:featuredmedia":[{"embeddable":true,"href":"https:\/\/zonaroja.com.mx\/index.php?rest_route=\/wp\/v2\/media\/52801"}],"wp:attachment":[{"href":"https:\/\/zonaroja.com.mx\/index.php?rest_route=%2Fwp%2Fv2%2Fmedia&parent=52800"}],"wp:term":[{"taxonomy":"category","embeddable":true,"href":"https:\/\/zonaroja.com.mx\/index.php?rest_route=%2Fwp%2Fv2%2Fcategories&post=52800"},{"taxonomy":"post_tag","embeddable":true,"href":"https:\/\/zonaroja.com.mx\/index.php?rest_route=%2Fwp%2Fv2%2Ftags&post=52800"}],"curies":[{"name":"wp","href":"https:\/\/api.w.org\/{rel}","templated":true}]}}