{"id":52803,"date":"2023-03-14T20:15:23","date_gmt":"2023-03-15T02:15:23","guid":{"rendered":"http:\/\/www.zonaroja.com.mx\/?p=52803"},"modified":"2023-03-14T20:15:24","modified_gmt":"2023-03-15T02:15:24","slug":"colabora-poder-judicial-en-casontlazoyaltepec-como-garante-del-derecho-indigena","status":"publish","type":"post","link":"https:\/\/zonaroja.com.mx\/?p=52803","title":{"rendered":"Colabora Poder Judicial en casonTlazoyaltepec, como garante del derecho ind\u00edgena"},"content":{"rendered":"\n<p>Redacci\u00f3n\/Zona Roja.<\/p>\n\n\n\n<p>Oaxaca de Ju\u00e1rez, Oax., a 14 de marzo de 2023.- En un hecho&nbsp;hist\u00f3rico y&nbsp;sin precedentes en Oaxaca&nbsp;y en el pa\u00eds, la Sala de Justicia Ind\u00edgena del Tribunal Superior de Justicia del Estado (TSJO), realiz\u00f3 una visita In Situ a la comunidad de Santiago&nbsp;Tlazoyaltepec, Etla,&nbsp;en atenci\u00f3n a una solicitud y&nbsp;para llevar a cabo&nbsp;diligencias derivadas de un asunto&nbsp;de desv\u00edo de recursos p\u00fablicos,&nbsp;planteado ante esa instancia&nbsp;por&nbsp;representantes de la asamblea comunitaria.<\/p>\n\n\n\n<p>Este tipo de visitas&nbsp;constituyen el m\u00e9todo m\u00e1s utilizado por organismos internacionales&nbsp;como la Organizaci\u00f3n de los Estados Americanos (OEA), la Organizaci\u00f3n de las Naciones&nbsp;Unidas (ONU), la Organizaci\u00f3n Internacional del Trabajo (OIT), entre otros, para observar&nbsp;los est\u00e1ndares nacionales de protecci\u00f3n de los derechos humanos.<\/p>\n\n\n\n<p>En entrevista, el presidente de la Sala de Justicia Ind\u00edgena, magistrado Luis Enrique Cordero Aguilar, explic\u00f3 que el&nbsp;objetivo&nbsp;principal&nbsp;de&nbsp;una&nbsp;observaci\u00f3n&nbsp;In&nbsp;Situ&nbsp;es esclarecer&nbsp;los&nbsp;hechos denunciados individual o colectivamente,&nbsp;investigar las circunstancias que los rodean y consignar estos en un informe objetivo, el que&nbsp;posteriormente se presenta ante las instancias correspondientes.&nbsp;<\/p>\n\n\n\n<p>Sobre el caso de Santiago\u00a0Tlazoyaltepec, que se encuentra identificado como el tercer municipio del pa\u00eds con altos \u00edndices de marginaci\u00f3n, explic\u00f3\u00a0que la\u00a0asamblea comunitaria sancion\u00f3 un acto de corrupci\u00f3n\u00a0respecto a\u00a0un presunto desv\u00edo de recursos\u00a0p\u00fablicos por 12 millones de pesos,\u00a0atribuido\u00a0a las ex autoridades municipales\u00a0que se encuentran\u00a0privadas de su libertad\u00a0en la c\u00e1rcel municipal.\u00a0<\/p>\n\n\n\n<figure class=\"wp-block-embed is-type-rich is-provider-twitter wp-block-embed-twitter\"><div class=\"wp-block-embed__wrapper\">\n<div class=\"twitter-tweet\"><blockquote class=\"twitter-tweet\" data-lang=\"es\"><p lang=\"es\" dir=\"ltr\">El Poder Judicial inform\u00f3 que, en un hecho sin precedentes en <a href=\"https:\/\/twitter.com\/hashtag\/Oaxaca?src=hash&amp;ref_src=twsrc%5Etfw\">#Oaxaca<\/a> y el pa\u00eds, la Sala de Justicia Ind\u00edgena del <a href=\"https:\/\/twitter.com\/tsjoaxaca?ref_src=twsrc%5Etfw\">@tsjoaxaca<\/a> realiz\u00f3 una visita In Situ a Santiago Tlazoyaltepec, en atenci\u00f3n a una solicitud y para llevar a cabo diligencias sobre un asunto de desv\u00edo de recursos. <a href=\"https:\/\/t.co\/GnZTPnMgOX\">pic.twitter.com\/GnZTPnMgOX<\/a><\/p>&mdash; Zona Roja Oaxaca (@ZonaRoja_Oaxaca) <a href=\"https:\/\/twitter.com\/ZonaRoja_Oaxaca\/status\/1635799451657748480?ref_src=twsrc%5Etfw\">15 de marzo de 2023<\/a><\/blockquote><\/div>\n<\/div><\/figure>\n\n\n\n<p>Se\u00f1al\u00f3 que la pena impuesta por la&nbsp;asamblea&nbsp;fue de 20 a\u00f1os de prisi\u00f3n y trabajos comunitarios; con la opci\u00f3n de que si regresan el dinero&nbsp;se podr\u00eda modificar, por lo que&nbsp;hasta el momento los involucrados han devuelto aproximadamente la mitad del recurso y se contin\u00faan las negociaciones para una salida alterna a esta situaci\u00f3n, con la intervenci\u00f3n de autoridades del Gobierno del Estado. &nbsp;<\/p>\n\n\n\n<p>El magistrado Cordero Aguilar, indic\u00f3 que como parte de la agenda de la visita In Situ,&nbsp;a la que acudi\u00f3 la&nbsp;directora&nbsp;de Derechos Humanos del Consejo de la Judicatura, Nidia Soledad Mart\u00ednez Esteva,&nbsp;con apoyo de&nbsp;un&nbsp;perito&nbsp;m\u00e9dico&nbsp;se realiz\u00f3 la valoraci\u00f3n cl\u00ednica y f\u00edsica de cada uno de los detenidos, adem\u00e1s de que se instal\u00f3 una asamblea para escuchar los pobladores y proponer soluciones conjuntas, con pleno respeto a la libre determinaci\u00f3n, autonom\u00eda y justicia de esa localidad mixteca.&nbsp;<\/p>\n\n\n\n<p>Destac\u00f3 que este tipo de pr\u00e1cticas no se realizan a nivel local; sin embargo,&nbsp;\u201clos altos tribunales han recomendado&nbsp;a los tribunales de los diferentes pa\u00edses que&nbsp;las&nbsp;realicen y no&nbsp;sean&nbsp;tribunales de escritorio y de oficina, sino ir a los&nbsp;lugares&nbsp;a conocer directamente los problemas y hablar con la gente\u201d.&nbsp;<\/p>\n\n\n\n<p>Previo a la visita, la Sala de Justicia Ind\u00edgena tambi\u00e9n&nbsp;llev\u00f3 a cabouna audiencia&nbsp;Amicus&nbsp;Curiae&nbsp;en su sede en Ciudad Judicial,&nbsp;con expertos en derechos humanos.<\/p>\n","protected":false},"excerpt":{"rendered":"<p>Redacci\u00f3n\/Zona Roja. Oaxaca de Ju\u00e1rez, Oax., a 14 de marzo de 2023.- En un hecho&nbsp;hist\u00f3rico&hellip;<\/p>\n","protected":false},"author":2,"featured_media":52804,"comment_status":"closed","ping_status":"open","sticky":false,"template":"","format":"standard","meta":{"_lmt_disableupdate":"","_lmt_disable":"","_jetpack_memberships_contains_paid_content":false,"footnotes":""},"categories":[109,46],"tags":[223],"class_list":["post-52803","post","type-post","status-publish","format-standard","has-post-thumbnail","hentry","category-minuto-a-minuto","category-zona-blanca","tag-poder-judicial-de-oaxaca"],"jetpack_featured_media_url":"https:\/\/zonaroja.com.mx\/wp-content\/uploads\/2023\/03\/En-asamblea-comunitaria-se-realizaron-diligencias-en-torno-al-caso.jpg","jetpack_sharing_enabled":true,"_links":{"self":[{"href":"https:\/\/zonaroja.com.mx\/index.php?rest_route=\/wp\/v2\/posts\/52803","targetHints":{"allow":["GET"]}}],"collection":[{"href":"https:\/\/zonaroja.com.mx\/index.php?rest_route=\/wp\/v2\/posts"}],"about":[{"href":"https:\/\/zonaroja.com.mx\/index.php?rest_route=\/wp\/v2\/types\/post"}],"author":[{"embeddable":true,"href":"https:\/\/zonaroja.com.mx\/index.php?rest_route=\/wp\/v2\/users\/2"}],"replies":[{"embeddable":true,"href":"https:\/\/zonaroja.com.mx\/index.php?rest_route=%2Fwp%2Fv2%2Fcomments&post=52803"}],"version-history":[{"count":1,"href":"https:\/\/zonaroja.com.mx\/index.php?rest_route=\/wp\/v2\/posts\/52803\/revisions"}],"predecessor-version":[{"id":52805,"href":"https:\/\/zonaroja.com.mx\/index.php?rest_route=\/wp\/v2\/posts\/52803\/revisions\/52805"}],"wp:featuredmedia":[{"embeddable":true,"href":"https:\/\/zonaroja.com.mx\/index.php?rest_route=\/wp\/v2\/media\/52804"}],"wp:attachment":[{"href":"https:\/\/zonaroja.com.mx\/index.php?rest_route=%2Fwp%2Fv2%2Fmedia&parent=52803"}],"wp:term":[{"taxonomy":"category","embeddable":true,"href":"https:\/\/zonaroja.com.mx\/index.php?rest_route=%2Fwp%2Fv2%2Fcategories&post=52803"},{"taxonomy":"post_tag","embeddable":true,"href":"https:\/\/zonaroja.com.mx\/index.php?rest_route=%2Fwp%2Fv2%2Ftags&post=52803"}],"curies":[{"name":"wp","href":"https:\/\/api.w.org\/{rel}","templated":true}]}}