{"id":52806,"date":"2023-03-14T20:58:04","date_gmt":"2023-03-15T02:58:04","guid":{"rendered":"http:\/\/www.zonaroja.com.mx\/?p=52806"},"modified":"2023-03-14T20:58:06","modified_gmt":"2023-03-15T02:58:06","slug":"encarcelan-ilegalmente-a-un-ciudadano-en-comunidad-de-la-mixteca-oaxaquena","status":"publish","type":"post","link":"https:\/\/zonaroja.com.mx\/?p=52806","title":{"rendered":"Encarcelan ilegalmente a un ciudadano en comunidad de la Mixteca oaxaque\u00f1a"},"content":{"rendered":"\n<p>Ismael Garc\u00eda M.\/Zona Roja.<\/p>\n\n\n\n<p>Oaxaca de Ju\u00e1rez, Oax., a 14 de marzo de 2023.- Una familia denunci\u00f3 la privaci\u00f3n ilegal de la libertad de El\u00edas Rodr\u00edguez Heras, en la c\u00e1rcel local de Santa Catarina Canana, agencia municipal de Santiago Yosond\u00faa, en la regi\u00f3n Mixteca.<\/p>\n\n\n\n<p>La esposa de la v\u00edctima, Esperanza Mart\u00ednez, pidi\u00f3 la ayuda urgente de las autoridades estatales de procuraci\u00f3n de justicia y de derechos humanos, para intervenir en el caso, registrado desde el pasado domingo 12 de marzo.<\/p>\n\n\n\n<p>Seg\u00fan la denuncia, el agente municipal Miguel Soria L\u00f3pez impuso una multa de 20 mil pesos para que el se\u00f1or El\u00edas sea liberado, aunque no precis\u00f3 la causa de la detenci\u00f3n y encarcelamiento.<\/p>\n\n\n\n<p>Indic\u00f3 que desde el momento de la privaci\u00f3n ilegal de la libertad, pidi\u00f3 ayuda de las autoridades estatales, pero hasta el momento no se ha solucionado el caso.<\/p>\n\n\n\n<p>\u201cMe preocupa el estado de salud en que mi esposo se encuentra, pues desde hace a\u00f1os sufre de presi\u00f3n alta y de nervios, por lo que necesita medicamentos para controlar su estado de salud\u201d, recalc\u00f3 la se\u00f1ora Esperanza Mart\u00ednez.<\/p>\n\n\n\n<figure class=\"wp-block-embed is-type-rich is-provider-twitter wp-block-embed-twitter\"><div class=\"wp-block-embed__wrapper\">\n<div class=\"twitter-tweet\"><blockquote class=\"twitter-tweet\" data-lang=\"es\"><p lang=\"es\" dir=\"ltr\"><a href=\"https:\/\/twitter.com\/hashtag\/%C3%9AltimoMinuto?src=hash&amp;ref_src=twsrc%5Etfw\">#\u00daltimoMinuto<\/a><br>Denuncian la detenci\u00f3n ilegal de una persona desde el pasado domingo, en la c\u00e1rcel municipal de Santa Catarina Cuanana, municipio de Santiago Yosond\u00faa.<br>Piden la atenci\u00f3n urgente de la <a href=\"https:\/\/twitter.com\/FISCALIA_GobOax?ref_src=twsrc%5Etfw\">@FISCALIA_GobOax<\/a> <a href=\"https:\/\/twitter.com\/DDHPO?ref_src=twsrc%5Etfw\">@DDHPO<\/a> <a href=\"https:\/\/twitter.com\/CNDH?ref_src=twsrc%5Etfw\">@CNDH<\/a>. <a href=\"https:\/\/t.co\/4ZK7SXT0tA\">pic.twitter.com\/4ZK7SXT0tA<\/a><\/p>&mdash; Zona Roja Oaxaca (@ZonaRoja_Oaxaca) <a href=\"https:\/\/twitter.com\/ZonaRoja_Oaxaca\/status\/1635789377656717318?ref_src=twsrc%5Etfw\">14 de marzo de 2023<\/a><\/blockquote><\/div>\n<\/div><\/figure>\n","protected":false},"excerpt":{"rendered":"<p>Ismael Garc\u00eda M.\/Zona Roja. Oaxaca de Ju\u00e1rez, Oax., a 14 de marzo de 2023.- Una&hellip;<\/p>\n","protected":false},"author":2,"featured_media":52808,"comment_status":"closed","ping_status":"open","sticky":false,"template":"","format":"standard","meta":{"_lmt_disableupdate":"","_lmt_disable":"","_jetpack_memberships_contains_paid_content":false,"footnotes":""},"categories":[109,47],"tags":[3462],"class_list":["post-52806","post","type-post","status-publish","format-standard","has-post-thumbnail","hentry","category-minuto-a-minuto","category-zona-gris","tag-santa-catarina-cuanana"],"jetpack_featured_media_url":"https:\/\/zonaroja.com.mx\/wp-content\/uploads\/2023\/03\/Detenido-Cuanana-Yosondua.jpg","jetpack_sharing_enabled":true,"_links":{"self":[{"href":"https:\/\/zonaroja.com.mx\/index.php?rest_route=\/wp\/v2\/posts\/52806","targetHints":{"allow":["GET"]}}],"collection":[{"href":"https:\/\/zonaroja.com.mx\/index.php?rest_route=\/wp\/v2\/posts"}],"about":[{"href":"https:\/\/zonaroja.com.mx\/index.php?rest_route=\/wp\/v2\/types\/post"}],"author":[{"embeddable":true,"href":"https:\/\/zonaroja.com.mx\/index.php?rest_route=\/wp\/v2\/users\/2"}],"replies":[{"embeddable":true,"href":"https:\/\/zonaroja.com.mx\/index.php?rest_route=%2Fwp%2Fv2%2Fcomments&post=52806"}],"version-history":[{"count":1,"href":"https:\/\/zonaroja.com.mx\/index.php?rest_route=\/wp\/v2\/posts\/52806\/revisions"}],"predecessor-version":[{"id":52809,"href":"https:\/\/zonaroja.com.mx\/index.php?rest_route=\/wp\/v2\/posts\/52806\/revisions\/52809"}],"wp:featuredmedia":[{"embeddable":true,"href":"https:\/\/zonaroja.com.mx\/index.php?rest_route=\/wp\/v2\/media\/52808"}],"wp:attachment":[{"href":"https:\/\/zonaroja.com.mx\/index.php?rest_route=%2Fwp%2Fv2%2Fmedia&parent=52806"}],"wp:term":[{"taxonomy":"category","embeddable":true,"href":"https:\/\/zonaroja.com.mx\/index.php?rest_route=%2Fwp%2Fv2%2Fcategories&post=52806"},{"taxonomy":"post_tag","embeddable":true,"href":"https:\/\/zonaroja.com.mx\/index.php?rest_route=%2Fwp%2Fv2%2Ftags&post=52806"}],"curies":[{"name":"wp","href":"https:\/\/api.w.org\/{rel}","templated":true}]}}