{"id":52812,"date":"2023-03-14T22:10:25","date_gmt":"2023-03-15T04:10:25","guid":{"rendered":"http:\/\/www.zonaroja.com.mx\/?p=52812"},"modified":"2023-03-14T22:10:27","modified_gmt":"2023-03-15T04:10:27","slug":"oaxaca-es-un-caos-enesimo-dia-de-marchas-bloqueos-y-protestas","status":"publish","type":"post","link":"https:\/\/zonaroja.com.mx\/?p=52812","title":{"rendered":"Oaxaca es un caos: en\u00e9simo d\u00eda de marchas, bloqueos y protestas"},"content":{"rendered":"\n<p>Ismael Garc\u00eda M.\/Zona Roja.<\/p>\n\n\n\n<p>Oaxaca de Ju\u00e1rez, Oax., a 14 de marzo de 2023.- La ingobernabilidad crece en Oaxaca, a 103 d\u00edas del gobierno de Salom\u00f3n Jara Cruz, que prometi\u00f3 una \u201cPrimavera oaxaque\u00f1a\u201d.<\/p>\n\n\n\n<p>Las fallas en la pol\u00edtica interna del estado, desde la Secretar\u00eda de Gobierno, devinieron de nuevo en al menos cinco movilizaciones ciudadanas, en la zona metropolitana de la capital y la regi\u00f3n del Istmo.<\/p>\n\n\n\n<p>Por segundo d\u00eda consecutivo, padres de familia de hijos en la escuela primaria \u201cBenito Ju\u00e1rez\u201d bloquearon desde temprano y hasta la tarde la carretera Oaxaca-Istmo, a la entrada de Santo Domingo Tehuantepec, para exigir la rehabilitaci\u00f3n del plantel.<\/p>\n\n\n\n<p>Tambi\u00e9n en el Istmo, pero en la zona norte, se cumplieron 14 d\u00edas del bloqueo a las v\u00edas del ferrocarril, por parte de habitantes de San Juan Guichicovi, para exigir al gobierno federal una indemnizaci\u00f3n justa de sus tierras, o en su caso seguir\u00e1n impidiendo las obras del Corredor Interoce\u00e1nico.<\/p>\n\n\n\n<p>EN VALLES<\/p>\n\n\n\n<p>Mientras que durante todo el d\u00eda de este martes, habitantes de la colonia Zapoteca, en la agencia Vicente Guerrero de la Villa de Zaachila, bloquearon la v\u00eda federal 175 Oaxaca-Puerto \u00c1ngel, a la altura de esa demarcaci\u00f3n.<\/p>\n\n\n\n<p>Ello para denunciar un caso de probable violaci\u00f3n de un menor en el k\u00ednder \u201cFrancisco Gabilondo Soler\u201d, y la presunta protecci\u00f3n de la directora del plantel, Deysi Mu\u00f1oz Bernal, al acusado, el intendente de nombre Giovanni \u201cN\u201d.<\/p>\n\n\n\n<p>Tras la intervenci\u00f3n de la Fiscal\u00eda General del Estado de Oaxaca, fue desactivada la protesta.<\/p>\n\n\n\n<p>Otro bloqueo se registr\u00f3 hoy en la avenida Ferrocarril, por parte de habitantes de Santa Cruz Amilpas, municipio conturbado a la capital oaxaque\u00f1a, en contra del edil Christian Baruch Rodr\u00edguez Castellanos.<\/p>\n\n\n\n<p>Lo anterior para denunciar cobros exagerados en los operativos policiacos contra unidades de motor, adem\u00e1s de excesos de los uniformados contra la poblaci\u00f3n; la protesta dur\u00f3 al menos cuatro horas, tras lo cual el presidente municipal recul\u00f3 en sus medidas e incluso tuvo que devolver motocicletas que ya hab\u00eda confiscado.<\/p>\n\n\n\n<p>La capital oaxaque\u00f1a no estuvo exenta tambi\u00e9n de protestas y conflictos; en la calle Aldama, un numeroso contingente de polic\u00edas municipales efectuaron un operativo contra comerciantes ambulantes.<\/p>\n\n\n\n<p>La confrontaci\u00f3n ocurri\u00f3 luego de la reubicaci\u00f3n de cuatro puestos de la calle 20 de Noviembre a Aldama, pero cuyos espacios ya estaban ocupados por otros vendedores informales, que se resist\u00edan a ajustar su local a la medida ordenada por el ayuntamiento.<\/p>\n","protected":false},"excerpt":{"rendered":"<p>Ismael Garc\u00eda M.\/Zona Roja. Oaxaca de Ju\u00e1rez, Oax., a 14 de marzo de 2023.- La&hellip;<\/p>\n","protected":false},"author":2,"featured_media":52813,"comment_status":"closed","ping_status":"open","sticky":false,"template":"","format":"standard","meta":{"_lmt_disableupdate":"","_lmt_disable":"","_jetpack_memberships_contains_paid_content":false,"footnotes":""},"categories":[109,47],"tags":[2264],"class_list":["post-52812","post","type-post","status-publish","format-standard","has-post-thumbnail","hentry","category-minuto-a-minuto","category-zona-gris","tag-bloqueos-y-protestas-oaxaca"],"jetpack_featured_media_url":"https:\/\/zonaroja.com.mx\/wp-content\/uploads\/2023\/03\/Bloqueo-Santa-Cruz-Amilpas.jpg","jetpack_sharing_enabled":true,"_links":{"self":[{"href":"https:\/\/zonaroja.com.mx\/index.php?rest_route=\/wp\/v2\/posts\/52812","targetHints":{"allow":["GET"]}}],"collection":[{"href":"https:\/\/zonaroja.com.mx\/index.php?rest_route=\/wp\/v2\/posts"}],"about":[{"href":"https:\/\/zonaroja.com.mx\/index.php?rest_route=\/wp\/v2\/types\/post"}],"author":[{"embeddable":true,"href":"https:\/\/zonaroja.com.mx\/index.php?rest_route=\/wp\/v2\/users\/2"}],"replies":[{"embeddable":true,"href":"https:\/\/zonaroja.com.mx\/index.php?rest_route=%2Fwp%2Fv2%2Fcomments&post=52812"}],"version-history":[{"count":1,"href":"https:\/\/zonaroja.com.mx\/index.php?rest_route=\/wp\/v2\/posts\/52812\/revisions"}],"predecessor-version":[{"id":52814,"href":"https:\/\/zonaroja.com.mx\/index.php?rest_route=\/wp\/v2\/posts\/52812\/revisions\/52814"}],"wp:featuredmedia":[{"embeddable":true,"href":"https:\/\/zonaroja.com.mx\/index.php?rest_route=\/wp\/v2\/media\/52813"}],"wp:attachment":[{"href":"https:\/\/zonaroja.com.mx\/index.php?rest_route=%2Fwp%2Fv2%2Fmedia&parent=52812"}],"wp:term":[{"taxonomy":"category","embeddable":true,"href":"https:\/\/zonaroja.com.mx\/index.php?rest_route=%2Fwp%2Fv2%2Fcategories&post=52812"},{"taxonomy":"post_tag","embeddable":true,"href":"https:\/\/zonaroja.com.mx\/index.php?rest_route=%2Fwp%2Fv2%2Ftags&post=52812"}],"curies":[{"name":"wp","href":"https:\/\/api.w.org\/{rel}","templated":true}]}}