{"id":52818,"date":"2023-03-15T12:47:00","date_gmt":"2023-03-15T18:47:00","guid":{"rendered":"http:\/\/www.zonaroja.com.mx\/?p=52818"},"modified":"2023-03-15T07:19:42","modified_gmt":"2023-03-15T13:19:42","slug":"el-2023-podria-ser-el-ultimo-ano-del-covid-19-segun-la-oms","status":"publish","type":"post","link":"https:\/\/zonaroja.com.mx\/?p=52818","title":{"rendered":"El 2023 podr\u00eda ser el \u00faltimo a\u00f1o del Covid-19, seg\u00fan la OMS"},"content":{"rendered":"\n<p>Redacci\u00f3n\/Zona Roja Cdmx.<\/p>\n\n\n\n<p>Ciudad de M\u00e9xico, a 15 de marzo de 2023.- La Organizaci\u00f3n Mundial de la Salud (OMS) considera que 2023 podr\u00eda ser el a\u00f1o en el que se declare el fin de la emergencia por Covid-19 en el mundo, dijo su director Tedros Adhanom Ghebreyesus.<\/p>\n\n\n\n<p>\u201cEstoy seguro de que en alg\u00fan momento de este a\u00f1o podremos decir que el Covid-19 ha terminado como una emergencia de salud p\u00fablica de inter\u00e9s internacional&#8230; y como una pandemia\u201d, dijo en la premiaci\u00f3n de la ceremonia Salud P\u00fablica Global.<\/p>\n\n\n\n<p>El doctor consider\u00f3 que el mundo se encuentra en uno de sus mejores momentos con respecto a la pandemia del virus SARS-CoV-2.<\/p>\n\n\n\n<p>\u201cEs muy agradable ver que, por primera vez, el n\u00famero semanal de muertes reportadas por Covid es m\u00e1s bajo que cuando empezamos a utilizar la palabra \u2018pandemia\u2019 hace tres a\u00f1os. La mejora es significativa\u201d, a\u00f1adi\u00f3.<\/p>\n\n\n\n<p>La OMS declar\u00f3 a la enfermedad provocada por el virus SARS-CoV-2 como una pandemia el 11 de marzo de 2020. En su momento, la organizaci\u00f3n critic\u00f3 la falta de medidas por parte de los gobiernos de todo el mundo para reducir la propagaci\u00f3n del pat\u00f3geno.<\/p>\n\n\n\n<p>Para esa fecha, 116 pa\u00edses ya hab\u00edan reportado casos del nuevo coronavirus y se reportaban alrededor de 4 mil muertos. M\u00e1s de mil d\u00edas despu\u00e9s, el n\u00famero de personas fallecidas a ra\u00edz del Covid-19 es cercano a los 6.9 millones, de acuerdo con datos de la Universidad Johns Hopkins.<\/p>\n\n\n\n<p>Sobre las vacunas Covid, la&nbsp;protecci\u00f3n contra la muerte y la hospitalizaci\u00f3n de los refuerzos&nbsp;bivalentes&nbsp;en personas mayores comenz\u00f3 a disminuir a los dos meses despu\u00e9s de la vacunaci\u00f3n, seg\u00fan un estudio preliminar.<\/p>\n\n\n\n<p>Los resultados se basan en&nbsp;informes anteriores&nbsp;sobre la&nbsp;eficacia de los refuerzos actualizados de&nbsp;Moderna&nbsp;y&nbsp;Pfizer, que mostraban que las vacunas reduc\u00edan dr\u00e1sticamente los riesgos de desarrollar Covid grave en adultos mayores, pero no evaluaban la duraci\u00f3n de la protecci\u00f3n<\/p>\n\n\n\n<p>(Informaci\u00f3n de \u201cEl Financiero\u201d)<\/p>\n","protected":false},"excerpt":{"rendered":"<p>Redacci\u00f3n\/Zona Roja Cdmx. Ciudad de M\u00e9xico, a 15 de marzo de 2023.- La Organizaci\u00f3n Mundial&hellip;<\/p>\n","protected":false},"author":2,"featured_media":50479,"comment_status":"closed","ping_status":"open","sticky":false,"template":"","format":"standard","meta":{"_lmt_disableupdate":"","_lmt_disable":"","_jetpack_memberships_contains_paid_content":false,"footnotes":""},"categories":[109,47],"tags":[1510],"class_list":["post-52818","post","type-post","status-publish","format-standard","has-post-thumbnail","hentry","category-minuto-a-minuto","category-zona-gris","tag-coronavirus-pandemia-global"],"jetpack_featured_media_url":"https:\/\/zonaroja.com.mx\/wp-content\/uploads\/2023\/01\/Covid-19-coronavirus-China-1.jpeg","jetpack_sharing_enabled":true,"_links":{"self":[{"href":"https:\/\/zonaroja.com.mx\/index.php?rest_route=\/wp\/v2\/posts\/52818","targetHints":{"allow":["GET"]}}],"collection":[{"href":"https:\/\/zonaroja.com.mx\/index.php?rest_route=\/wp\/v2\/posts"}],"about":[{"href":"https:\/\/zonaroja.com.mx\/index.php?rest_route=\/wp\/v2\/types\/post"}],"author":[{"embeddable":true,"href":"https:\/\/zonaroja.com.mx\/index.php?rest_route=\/wp\/v2\/users\/2"}],"replies":[{"embeddable":true,"href":"https:\/\/zonaroja.com.mx\/index.php?rest_route=%2Fwp%2Fv2%2Fcomments&post=52818"}],"version-history":[{"count":1,"href":"https:\/\/zonaroja.com.mx\/index.php?rest_route=\/wp\/v2\/posts\/52818\/revisions"}],"predecessor-version":[{"id":52819,"href":"https:\/\/zonaroja.com.mx\/index.php?rest_route=\/wp\/v2\/posts\/52818\/revisions\/52819"}],"wp:featuredmedia":[{"embeddable":true,"href":"https:\/\/zonaroja.com.mx\/index.php?rest_route=\/wp\/v2\/media\/50479"}],"wp:attachment":[{"href":"https:\/\/zonaroja.com.mx\/index.php?rest_route=%2Fwp%2Fv2%2Fmedia&parent=52818"}],"wp:term":[{"taxonomy":"category","embeddable":true,"href":"https:\/\/zonaroja.com.mx\/index.php?rest_route=%2Fwp%2Fv2%2Fcategories&post=52818"},{"taxonomy":"post_tag","embeddable":true,"href":"https:\/\/zonaroja.com.mx\/index.php?rest_route=%2Fwp%2Fv2%2Ftags&post=52818"}],"curies":[{"name":"wp","href":"https:\/\/api.w.org\/{rel}","templated":true}]}}