{"id":5282,"date":"2019-10-30T22:09:04","date_gmt":"2019-10-31T04:09:04","guid":{"rendered":"http:\/\/www.zonaroja.com.mx\/?p=5282"},"modified":"2019-10-30T22:09:08","modified_gmt":"2019-10-31T04:09:08","slug":"caso-edil-de-jalapa-acusan-a-fiscal-de-inventar-delitos-y-sembrar-evidencias","status":"publish","type":"post","link":"https:\/\/zonaroja.com.mx\/?p=5282","title":{"rendered":"Caso edil de Jalapa: acusan a fiscal de inventar delitos y sembrar evidencias"},"content":{"rendered":"\n<p>Ismael Garc\u00eda M.<\/p>\n\n\n\n<p>Oaxaca de Ju\u00e1rez, Oax., 30 de octubre\nde 2019.- Diputados locales, presidentes municipales de la regi\u00f3n de la Cuenca,\nfamiliares del edil y la organizaci\u00f3n Comuna denunciaron que la Fiscal\u00eda\nGeneral del Estado de Oaxaca invent\u00f3 delitos al presidente municipal de San\nFelipe Jalapa de D\u00edaz, Arturo Garc\u00eda Vel\u00e1squez, adem\u00e1s de \u201csembrar\u201d armas.<\/p>\n\n\n\n<p>En conferencia de prensa, respaldaron\nal edil surgido del Partido Morena y anunciaron que efectuar\u00e1n una serie de\nmovilizaciones en caso de que no sea puesto en libertad.<\/p>\n\n\n\n<p>La madrugada del 24 de octubre pasado,\nla Fiscal\u00eda General y corporaciones policiacas efectuaron seis cateos en\ndistintos domicilios, tras lo cual detuvieron a 10 personas, entre ellos al\npresidente municipal.<\/p>\n\n\n\n<p>En el comunicado de prensa de la misma fecha, generaliz\u00f3 los cargos que se le imputan a los detenidos, de desaparici\u00f3n de persona y portaci\u00f3n de armas sin el permiso correspondiente.<\/p>\n\n\n\n<figure class=\"wp-block-embed-twitter wp-block-embed is-type-rich is-provider-twitter\"><div class=\"wp-block-embed__wrapper\">\n<div class=\"twitter-tweet\"><blockquote class=\"twitter-tweet\" data-lang=\"es\"><p lang=\"es\" dir=\"ltr\"><a href=\"https:\/\/twitter.com\/hashtag\/OaxacaRojo?src=hash&amp;ref_src=twsrc%5Etfw\">#OaxacaRojo<\/a><br>Y otra vez errores en los comunicados de la <a href=\"https:\/\/twitter.com\/FISCALIA_GobOax?ref_src=twsrc%5Etfw\">@FISCALIA_GobOax<\/a>; \u00bfminti\u00f3 el fiscal <a href=\"https:\/\/twitter.com\/RVasconcelosM?ref_src=twsrc%5Etfw\">@RVasconcelosM<\/a> sobre caso edil de Jalapa de D\u00edaz?, se cuestion\u00f3 a diputada <a href=\"https:\/\/twitter.com\/LauraEstradaMau?ref_src=twsrc%5Etfw\">@LauraEstradaMau<\/a>; \u201custedes tienen la interpretaci\u00f3n\u201d, respondi\u00f3. <a href=\"https:\/\/t.co\/UC2s6GMJk5\">pic.twitter.com\/UC2s6GMJk5<\/a><\/p>&mdash; Zona Roja Oaxaca (@MexRoja) <a href=\"https:\/\/twitter.com\/MexRoja\/status\/1189737300076433408?ref_src=twsrc%5Etfw\">31 de octubre de 2019<\/a><\/blockquote><\/div>\n<\/div><\/figure>\n\n\n\n<p>\u201cYo platiqu\u00e9 con el fiscal (Rub\u00e9n\nVasconcelos M\u00e9ndez), coment\u00f3 que se le gir\u00f3 una orden de cateo, porque personas\nque no mencionaron, desconocidos, denunciaron que en su casa bajaban paquetes,\nentraban gentes desconocidas.<\/p>\n\n\n\n<p>\u201cLe pregunt\u00e9 qu\u00e9 encontraron,\n\u00bfencontraron esos paquetes? Dijo que no, pero que hab\u00eda unas armas, por eso lo\ndetuvieron. Pero hay varias inconsistencias. Le ped\u00ed que aclarara, porque en el\ncomunicado que hizo, lo vinculan con desaparici\u00f3n de personas y eso no es as\u00ed;\nle pido al fiscal que aclare esa situaci\u00f3n porque eso no es as\u00ed\u201d, dijo la\ndiputada Laura Estrada, presidenta de la Junta de Coordinaci\u00f3n Pol\u00edtica.<\/p>\n\n\n\n<p>El integrante de la dirigencia de\nComunica Oaxaca, Flavio Sosa Villavicencio, fue enf\u00e1tico:<\/p>\n\n\n\n<p>\u201cD\u00edas antes dialogaron el presidente\nmunicipal y el secretario de Seguridad (Ra\u00fal Ernesto Rosales); le explic\u00f3 el\npresidente de la violencia imparable, hicieron una reuni\u00f3n en el municipio,\ncomieron, se tomaron unas cervezas con el secretario de Seguridad y esa es la\nrespuesta a la disposici\u00f3n a colaborar. <\/p>\n\n\n\n<p>\u201cPor eso decimos: no se vale que al gobierno de Alejandro Murat que Morena le est\u00e1 tendiendo la mano, est\u00e1 trabajando, trata de trabajar de manera coordinada, act\u00fae as\u00ed, vamos a defender a los presidentes con todo\u201d.<\/p>\n\n\n\n<figure class=\"wp-block-embed-twitter wp-block-embed is-type-rich is-provider-twitter\"><div class=\"wp-block-embed__wrapper\">\n<div class=\"twitter-tweet\"><blockquote class=\"twitter-tweet\" data-lang=\"es\"><p lang=\"es\" dir=\"ltr\"><a href=\"https:\/\/twitter.com\/hashtag\/OaxacaRojo?src=hash&amp;ref_src=twsrc%5Etfw\">#OaxacaRojo<\/a><br>En cateo a casa de edil de Jalapa de D\u00edaz por parte de la <a href=\"https:\/\/twitter.com\/FISCALIA_GobOax?ref_src=twsrc%5Etfw\">@FISCALIA_GobOax<\/a> se violentaron derechos humanos de menores de edad y familia; no observaron protocolos, denunciaron hoy en conferencia de prensa. <a href=\"https:\/\/t.co\/PKFdaHSqV9\">pic.twitter.com\/PKFdaHSqV9<\/a><\/p>&mdash; Zona Roja Oaxaca (@MexRoja) <a href=\"https:\/\/twitter.com\/MexRoja\/status\/1189728934319022080?ref_src=twsrc%5Etfw\">31 de octubre de 2019<\/a><\/blockquote><\/div>\n<\/div><\/figure>\n\n\n\n<p>El consejero del Instituto Nacional\nElectoral agreg\u00f3:<\/p>\n\n\n\n<p>\u201cEl presidente es inocente; tenemos\nelementos suficientes para demostrar que las armas fueron sembradas, el\ngobierno de Alejandro Murat no est\u00e1 combatiendo a la delincuencia; en una\nacci\u00f3n espectacular, la noche anterior a la llegada del secretario Durazo (Alfonso),\nsembr\u00f3 armas en la casa del presidente.<\/p>\n\n\n\n<p>\u201cViolando su propia orden de cateo,\ningresaron personas con armas que posteriormente despositaron; no se est\u00e1\ncombatiendo la delincuencia, todos sabemos c\u00f3mo est\u00e1n los \u00edndices de violencia\nen la Cuenca y en todo el estado y no est\u00e1n haciendo nada; estamos en la m\u00e1s\nabsoluta inseguridad\u201d.<\/p>\n\n\n\n<p>Por su parte, el padre del edil, Virgilio\nGarc\u00eda, asegur\u00f3 que no hay ninguna evidencia para inculpar a su hijo; fue\nreelecto por un segundo periodo por sus buenos resultados y que ha estado\ntrabajando y dando resultados.<\/p>\n\n\n\n<p>\u201cLo que se cometi\u00f3 en Jalapa es una\ninjusticia; creo que no es el \u00fanico que est\u00e1 expuesto a este tipo de cosas.\nQuiz\u00e1 lo quieran retirar con fines pol\u00edticos, porque tiene aspiraciones, porque\nest\u00e1 dando resultados\u201d.<\/p>\n\n\n\n<p>Estuvieron tambi\u00e9n presidentes de San\nPedro Ixcatl\u00e1n, Bartolo Carrera; de Tlacoazintepec, Martha R\u00e9gules; de San\nFelipe Usila, Filem\u00f3n Bernardo; de San Lucas Ojitl\u00e1n, Alicia Moreno; de San\nJos\u00e9 Chiltepec, Mart\u00edn Garc\u00eda.<\/p>\n\n\n\n<p>Asimismo los legisladores Elisa Zepeda Lagunas, Delfina Guzm\u00e1n, Elena Cuevas, Timoteo V\u00e1squez, Horacio Sosa, entre otros.<\/p>\n\n\n\n<figure class=\"wp-block-embed-twitter wp-block-embed is-type-rich is-provider-twitter\"><div class=\"wp-block-embed__wrapper\">\n<div class=\"twitter-tweet\"><blockquote class=\"twitter-tweet\" data-lang=\"es\"><p lang=\"es\" dir=\"ltr\"><a href=\"https:\/\/twitter.com\/hashtag\/OaxacaRojo?src=hash&amp;ref_src=twsrc%5Etfw\">#OaxacaRojo<\/a><br>De mentir, falsear, traicionar, inventar delitos en comunicado y declaraciones, acusan ediles, diputados de Morena y <a href=\"https:\/\/twitter.com\/comunaoax?ref_src=twsrc%5Etfw\">@comunaoax<\/a> <a href=\"https:\/\/twitter.com\/flaviososavilla?ref_src=twsrc%5Etfw\">@flaviososavilla<\/a> al fiscal <a href=\"https:\/\/twitter.com\/RVasconcelosM?ref_src=twsrc%5Etfw\">@RVasconcelosM<\/a> y <a href=\"https:\/\/twitter.com\/SSP_GobOax?ref_src=twsrc%5Etfw\">@SSP_GobOax<\/a>, Ra\u00fal Ernesto Salcedo, en el caso del edil de Jalapa de D\u00edaz. Habr\u00e1 movilizaciones. <a href=\"https:\/\/t.co\/iFvEMSt1p5\">pic.twitter.com\/iFvEMSt1p5<\/a><\/p>&mdash; Zona Roja Oaxaca (@MexRoja) <a href=\"https:\/\/twitter.com\/MexRoja\/status\/1189684419566563329?ref_src=twsrc%5Etfw\">30 de octubre de 2019<\/a><\/blockquote><\/div>\n<\/div><\/figure>\n\n\n\n<p>COMUNICADO CONFUSO<\/p>\n\n\n\n<p>En su comunicado del 24 de octubre, la\nFiscal\u00eda General generaliz\u00f3 la imputaci\u00f3n de delitos a las 10 personas\ndetenidas en Jalapa:<\/p>\n\n\n\n<p>\u201cEn cumplimiento a la premisa de\ncombatir frontalmente la criminalidad y no permitir que ning\u00fan hecho violento\nque afecte a las personas y a las comunidades queden en la impunidad, la\nFiscal\u00eda General del Estado de Oaxaca (FGEO), realiz\u00f3 6 cateos simult\u00e1neos en\ndomicilios particulares ubicados en el municipio de San Felipe Jalapa de D\u00edaz,\nregi\u00f3n de la Cuenca del Papaloapan, lo que permiti\u00f3 el aseguramiento de armas y\nla detenci\u00f3n de 10 personas.<\/p>\n\n\n\n<p>\u201cEl operativo fue realizado por la\nInstituci\u00f3n de procuraci\u00f3n de justicia, a trav\u00e9s de la Agencia Estatal de\nInvestigaciones, dando cumplimiento a la causa penal 219\/2019, librada por el\njuzgado de control de Tuxtepec, por el delito de desaparici\u00f3n cometido por\nparticulares, en agravio de R. T. F\u2026<\/p>\n\n\n\n<p>\u201cAsimismo, se\nefectu\u00f3 la detenci\u00f3n del edil de San Felipe Jalapa de D\u00edaz, A. G. V., del\nPrimer Comandante de la Polic\u00eda Municipal, B. F. F., del Segundo Comandante de\nla Polic\u00eda Municipal, L. C. A., as\u00ed como de O. C. T., M. C. T., B. F. F., V. A.\nS. M., J. O. S. A., A. T. C., y de I. E. P.\u201d.<\/p>\n","protected":false},"excerpt":{"rendered":"<p>Ismael Garc\u00eda M. Oaxaca de Ju\u00e1rez, Oax., 30 de octubre de 2019.- Diputados locales, presidentes&hellip;<\/p>\n","protected":false},"author":2,"featured_media":5283,"comment_status":"closed","ping_status":"open","sticky":false,"template":"","format":"standard","meta":{"_lmt_disableupdate":"","_lmt_disable":"","_jetpack_memberships_contains_paid_content":false,"footnotes":""},"categories":[109,47],"tags":[930,494,580],"class_list":["post-5282","post","type-post","status-publish","format-standard","has-post-thumbnail","hentry","category-minuto-a-minuto","category-zona-gris","tag-arturo-garcia-velasquez","tag-fiscalia-general-del-estado-de-oaxaca","tag-san-felipe-jalapa-de-diaz"],"jetpack_featured_media_url":"https:\/\/zonaroja.com.mx\/wp-content\/uploads\/2019\/10\/IMG_3941.jpg","jetpack_sharing_enabled":true,"_links":{"self":[{"href":"https:\/\/zonaroja.com.mx\/index.php?rest_route=\/wp\/v2\/posts\/5282","targetHints":{"allow":["GET"]}}],"collection":[{"href":"https:\/\/zonaroja.com.mx\/index.php?rest_route=\/wp\/v2\/posts"}],"about":[{"href":"https:\/\/zonaroja.com.mx\/index.php?rest_route=\/wp\/v2\/types\/post"}],"author":[{"embeddable":true,"href":"https:\/\/zonaroja.com.mx\/index.php?rest_route=\/wp\/v2\/users\/2"}],"replies":[{"embeddable":true,"href":"https:\/\/zonaroja.com.mx\/index.php?rest_route=%2Fwp%2Fv2%2Fcomments&post=5282"}],"version-history":[{"count":1,"href":"https:\/\/zonaroja.com.mx\/index.php?rest_route=\/wp\/v2\/posts\/5282\/revisions"}],"predecessor-version":[{"id":5284,"href":"https:\/\/zonaroja.com.mx\/index.php?rest_route=\/wp\/v2\/posts\/5282\/revisions\/5284"}],"wp:featuredmedia":[{"embeddable":true,"href":"https:\/\/zonaroja.com.mx\/index.php?rest_route=\/wp\/v2\/media\/5283"}],"wp:attachment":[{"href":"https:\/\/zonaroja.com.mx\/index.php?rest_route=%2Fwp%2Fv2%2Fmedia&parent=5282"}],"wp:term":[{"taxonomy":"category","embeddable":true,"href":"https:\/\/zonaroja.com.mx\/index.php?rest_route=%2Fwp%2Fv2%2Fcategories&post=5282"},{"taxonomy":"post_tag","embeddable":true,"href":"https:\/\/zonaroja.com.mx\/index.php?rest_route=%2Fwp%2Fv2%2Ftags&post=5282"}],"curies":[{"name":"wp","href":"https:\/\/api.w.org\/{rel}","templated":true}]}}