{"id":52822,"date":"2023-03-15T08:25:00","date_gmt":"2023-03-15T14:25:00","guid":{"rendered":"http:\/\/www.zonaroja.com.mx\/?p=52822"},"modified":"2023-03-15T07:06:38","modified_gmt":"2023-03-15T13:06:38","slug":"preparan-plan-integral-para-rescatar-parques-y-centros-recreativos-del-gobierno","status":"publish","type":"post","link":"https:\/\/zonaroja.com.mx\/?p=52822","title":{"rendered":"Preparan plan integral para rescatar parques y centros recreativos del gobierno"},"content":{"rendered":"\n<p>Redacci\u00f3n\/Zona Roja.<\/p>\n\n\n\n<p>Oaxaca de Ju\u00e1rez, Oax., a 15 de marzo de 2023.- El secretario de Administraci\u00f3n del Gobierno del Estado, Antonino Morales Toledo, dio conocer la puesta en marcha de un plan integral de mejoramiento de los espacios p\u00fablicos y deportivos pertenecientes o que est\u00e1n en comodato en esta dependencia.<\/p>\n\n\n\n<p>Al realizar un recorrido por las instalaciones del complejo Polideportivo Zona Poniente del Instituto Tecnol\u00f3gico de Oaxaca, (ITO), en donde di\u00e1logo con el director general de dicha instituci\u00f3n, Fernando Toledo Toledo, el responsable de la pol\u00edtica administrativa estatal se\u00f1al\u00f3 que t\u00e9cnicos expertos realizar\u00e1n un diagn\u00f3stico de las unidades deportivas, misma que permitir\u00e1 reconocer y resolver &nbsp;las diversas problem\u00e1ticas que se han presentado.<\/p>\n\n\n\n<p>Morales Toledo destac\u00f3 que como fue la instrucci\u00f3n del gobernador Salom\u00f3n Jara Cruz, de hacer un gobierno de territorio y no de escritorio, por ello recorre personalmente las unidades deportivas, para conocer las condiciones en las que se encuentran dichos espacios, as\u00ed como identificar las \u00e1reas de oportunidad.&nbsp;<\/p>\n\n\n\n<p>El secretario de Administraci\u00f3n pidi\u00f3 al pueblo de Oaxaca tener confianza porque en breve se comenzar\u00e1n a generar acciones, planeadas y no improvisadas para atender las demandas, toda vez que se atender\u00e1n espacios como la &nbsp;alberca ol\u00edmpica, canchas, pistas y otras \u00e1reas para el disfrute de j\u00f3venes deportistas.<\/p>\n\n\n\n<p>\u00abRealizamos estas visitas para brindar un mejor servicio a la ciudadan\u00eda, tengan la confianza que vamos a dar respuesta &nbsp;en tiempo y forma con mantenimiento preventivo y correctivo\u00bb, apunt\u00f3.<\/p>\n\n\n\n<p>Asimismo, el director general del ITO, Fernando Toledo, agradeci\u00f3 el inter\u00e9s y el compromiso del secretario de Administraci\u00f3n Antonino Morales Toledo, para conocer de cerca las necesidades de los espacios deportivos y as\u00ed corresponder a los planteamientos de las y los estudiantes.<\/p>\n\n\n\n<p>Mencion\u00f3 que a pesar de la deuda que los gobiernos anteriores ten\u00edan con la comunidad estudiantil, hoy se ve clara una ruta de transformaci\u00f3n del estado.<\/p>\n\n\n\n<figure class=\"wp-block-embed is-type-rich is-provider-twitter wp-block-embed-twitter\"><div class=\"wp-block-embed__wrapper\">\n<div class=\"twitter-tweet\"><blockquote class=\"twitter-tweet\" data-lang=\"es\"><p lang=\"es\" dir=\"ltr\">\ud83d\udcccEl titular de la <a href=\"https:\/\/twitter.com\/Admon_GobOax?ref_src=twsrc%5Etfw\">@Admon_GobOax<\/a> <a href=\"https:\/\/twitter.com\/Nino_Morales1?ref_src=twsrc%5Etfw\">@Nino_Morales1<\/a>, realiz\u00f3 un recorrido por las instalaciones de la Unidad Deportiva del <a href=\"https:\/\/twitter.com\/hashtag\/ITO?src=hash&amp;ref_src=twsrc%5Etfw\">#ITO<\/a> para la mejora de las instalaciones, con el objetivo de seguir la instrucci\u00f3n del Gdor. <a href=\"https:\/\/twitter.com\/salomonj?ref_src=twsrc%5Etfw\">@salomonj<\/a> de hacer &quot;un gobierno de territorio, no de escritorio&quot;. <a href=\"https:\/\/t.co\/iHzj3hE8tX\">pic.twitter.com\/iHzj3hE8tX<\/a><\/p>&mdash; Secretar\u00eda de Administraci\u00f3n (@Admon_GobOax) <a href=\"https:\/\/twitter.com\/Admon_GobOax\/status\/1635804526065205250?ref_src=twsrc%5Etfw\">15 de marzo de 2023<\/a><\/blockquote><\/div>\n<\/div><\/figure>\n\n\n\n<p>RESULTADOS A 100 D\u00cdAS<\/p>\n\n\n\n<p>Por otra parte, durante el Informe presentado por el gobernador Salom\u00f3n Jara Cruz, enfatiz\u00f3 que con la Ley de Austeridad se eliminaron los privilegios y se ahorraron m\u00e1s de 500 mdp para destinarlos a gastos sociales&nbsp;<\/p>\n\n\n\n<p>Al cumplirse los primeros 100 d\u00edas del inicio un gobierno popular y cercano a la gente, la Secretar\u00eda de Administraci\u00f3n, encabezada por su titular Antonino Morales Toledo ha entregado buenos resultados al realizar una reingenier\u00eda del gasto, lo que permiti\u00f3 un ahorro superior a los 500 millones de pesos.&nbsp;<\/p>\n\n\n\n<p>Durante el Informe de Resultados, llevado a cabo frente a Palacio de Gobierno, el gobernador Salom\u00f3n Jara Cruz dio cuenta de las principales acciones realizadas, donde destac\u00f3 que derivado de la Ley de Austeridad se eliminaron los privilegios y lujos de gastos innecesarios del gobierno, ahorrando m\u00e1s de 500 millones de pesos.&nbsp;<\/p>\n\n\n\n<p>\u201cPresentamos y promulgamos la Ley de Austeridad Republicana y pusimos el ejemplo con un Plan de Austeridad del Poder Ejecutivo para eliminar los privilegios, los lujos y los gastos excesivos e innecesarios en el gobierno, con esto ahorramos aproximadamente 500 millones de pesos para destinarlos a programas sociales y servicios p\u00fablicos\u201d, se\u00f1al\u00f3 Salom\u00f3n Jara Cruz.&nbsp;<\/p>\n\n\n\n<p>Cabe destacar que el pasado lunes 6 de marzo se present\u00f3 en Palacio de Gobierno el Plan de Austeridad, en el cual la Secretar\u00eda de Administraci\u00f3n report\u00f3 un ahorro por el orden de los 286 millones 559 mil 88 pesos, en el rubro de servicios personales.<\/p>\n\n\n\n<p>\u201cDe acuerdo al tipo de n\u00f3mina que son base, confianza y haberes se registr\u00f3 un ahorro de 286 millones 559 mil 88 pesos. En tanto, en las modalidades de contrato-confianza, contrato-contrato, mandos medios y superiores, remuneraci\u00f3n al desempe\u00f1o laboral (RDL) y honorarios asimilados se obtuvo un ahorro de 208.7 millones de pesos\u00bb, asegur\u00f3 el secretario de Administraci\u00f3n.<\/p>\n","protected":false},"excerpt":{"rendered":"<p>Redacci\u00f3n\/Zona Roja. Oaxaca de Ju\u00e1rez, Oax., a 15 de marzo de 2023.- El secretario de&hellip;<\/p>\n","protected":false},"author":2,"featured_media":52823,"comment_status":"closed","ping_status":"open","sticky":false,"template":"","format":"standard","meta":{"_lmt_disableupdate":"","_lmt_disable":"","_jetpack_memberships_contains_paid_content":false,"footnotes":""},"categories":[109,46],"tags":[180,1989],"class_list":["post-52822","post","type-post","status-publish","format-standard","has-post-thumbnail","hentry","category-minuto-a-minuto","category-zona-blanca","tag-antonino-morales-toledo","tag-secretaria-de-administracion"],"jetpack_featured_media_url":"https:\/\/zonaroja.com.mx\/wp-content\/uploads\/2023\/03\/Secretaria-de-Administracion-Antonino-Morales-parques.jpg","jetpack_sharing_enabled":true,"_links":{"self":[{"href":"https:\/\/zonaroja.com.mx\/index.php?rest_route=\/wp\/v2\/posts\/52822","targetHints":{"allow":["GET"]}}],"collection":[{"href":"https:\/\/zonaroja.com.mx\/index.php?rest_route=\/wp\/v2\/posts"}],"about":[{"href":"https:\/\/zonaroja.com.mx\/index.php?rest_route=\/wp\/v2\/types\/post"}],"author":[{"embeddable":true,"href":"https:\/\/zonaroja.com.mx\/index.php?rest_route=\/wp\/v2\/users\/2"}],"replies":[{"embeddable":true,"href":"https:\/\/zonaroja.com.mx\/index.php?rest_route=%2Fwp%2Fv2%2Fcomments&post=52822"}],"version-history":[{"count":1,"href":"https:\/\/zonaroja.com.mx\/index.php?rest_route=\/wp\/v2\/posts\/52822\/revisions"}],"predecessor-version":[{"id":52824,"href":"https:\/\/zonaroja.com.mx\/index.php?rest_route=\/wp\/v2\/posts\/52822\/revisions\/52824"}],"wp:featuredmedia":[{"embeddable":true,"href":"https:\/\/zonaroja.com.mx\/index.php?rest_route=\/wp\/v2\/media\/52823"}],"wp:attachment":[{"href":"https:\/\/zonaroja.com.mx\/index.php?rest_route=%2Fwp%2Fv2%2Fmedia&parent=52822"}],"wp:term":[{"taxonomy":"category","embeddable":true,"href":"https:\/\/zonaroja.com.mx\/index.php?rest_route=%2Fwp%2Fv2%2Fcategories&post=52822"},{"taxonomy":"post_tag","embeddable":true,"href":"https:\/\/zonaroja.com.mx\/index.php?rest_route=%2Fwp%2Fv2%2Ftags&post=52822"}],"curies":[{"name":"wp","href":"https:\/\/api.w.org\/{rel}","templated":true}]}}