{"id":52830,"date":"2023-03-15T14:25:00","date_gmt":"2023-03-15T20:25:00","guid":{"rendered":"http:\/\/www.zonaroja.com.mx\/?p=52830"},"modified":"2023-03-15T07:42:29","modified_gmt":"2023-03-15T13:42:29","slug":"el-poder-judicial-de-oaxaca-inicia-jornada-de-mediacion-itinerante","status":"publish","type":"post","link":"https:\/\/zonaroja.com.mx\/?p=52830","title":{"rendered":"El Poder Judicial de Oaxaca inicia jornada de mediaci\u00f3n itinerante"},"content":{"rendered":"\n<p>Redacci\u00f3n\/Zona Roja.<\/p>\n\n\n\n<p>Oaxaca de Ju\u00e1rez, Oax., a 15 de marzo de 2023.- El Centro de Justicia Alternativa del Consejo de la Judicatura del Poder Judicial del Estado,&nbsp;llevar\u00e1 a cabo&nbsp;la jornada \u201cMediaci\u00f3n Itinerante\u201d que recorrer\u00e1&nbsp;municipios&nbsp;conurbados&nbsp;y agencias municipales de la Ciudad de Oaxaca de Ju\u00e1rez, con el objetivo de promover los beneficios de herramientas como la mediaci\u00f3n y la conciliaci\u00f3n en la soluci\u00f3n&nbsp;de conflictos en materia penal, civil, familiar, mercantil y vecinal.&nbsp;<\/p>\n\n\n\n<p>La actividad dar\u00e1&nbsp;inicio este mi\u00e9rcoles 15 de marzo en el auditorio municipal de Ocotl\u00e1n de Morelos del Centro Administrativo \u201cBenito Ju\u00e1rez\u201d, donde en un horario de 9:00 a 14:00 horas, se brindar\u00e1 informaci\u00f3n sobre el servicio humano, personalizado, respetuoso, con calidad y profesionalismo que presta esta instituci\u00f3n con 20 a\u00f1os de funcionamiento en la entidad.&nbsp;<\/p>\n\n\n\n<p>El jueves 16 de marzo la jornada Mediaci\u00f3n Itinerante visitar\u00e1 la agencia municipal de San Mart\u00edn&nbsp;Mexicapam; el 17 de marzo estar\u00e1 en la agencia de polic\u00eda de Dolores; el 22 de marzo en Pueblo Nuevo; el 23 de marzo en la agencia municipal de Trinidad de Viguera; el 24 de marzo en Santa Rosa Panzacola y 28 de marzo concluir\u00e1 su recorrido en San Juan Chapultepec.&nbsp;<\/p>\n\n\n\n<p>En el impulso a la cultura de la paz y la restauraci\u00f3n social,&nbsp;el Poder Judicial del Estado&nbsp;brinda a la ciudadan\u00eda la opci\u00f3n de dirimir conflictos de naturaleza civil, mercantil, familiar, penal y de justicia para adolescentes, entre particulares, mediante procedimientos&nbsp;extrajurisdiccionales&nbsp;que les ayuden a encontrar soluciones en un di\u00e1logo respetuoso y conciliado.&nbsp;<\/p>\n\n\n\n<p>El Centro de&nbsp;Justicia&nbsp;Alternativa&nbsp;se encuentra&nbsp;ubicado en Calzada Madero 908 letra K, Ex Marquesado;&nbsp;con n\u00fameros telef\u00f3nicos&nbsp;951 514 91 91 y 800 821 67 89.&nbsp;Asimismo,&nbsp;cuenta con m\u00f3dulos de atenci\u00f3n ubicados en las regiones de la Costa, Cuenca del Papaloapan, Istmo, Sierra Norte, Sierra Sur, Valles Centrales, as\u00ed como en la Mixteca, en las instalaciones de Juzgados de Control y en los edificios sedes de los Centros de Justicia.&nbsp;Los servicios son completamente gratuitos.&nbsp;<\/p>\n","protected":false},"excerpt":{"rendered":"<p>Redacci\u00f3n\/Zona Roja. Oaxaca de Ju\u00e1rez, Oax., a 15 de marzo de 2023.- El Centro de&hellip;<\/p>\n","protected":false},"author":2,"featured_media":52831,"comment_status":"closed","ping_status":"open","sticky":false,"template":"","format":"standard","meta":{"_lmt_disableupdate":"","_lmt_disable":"","_jetpack_memberships_contains_paid_content":false,"footnotes":""},"categories":[109,46],"tags":[223],"class_list":["post-52830","post","type-post","status-publish","format-standard","has-post-thumbnail","hentry","category-minuto-a-minuto","category-zona-blanca","tag-poder-judicial-de-oaxaca"],"jetpack_featured_media_url":"https:\/\/zonaroja.com.mx\/wp-content\/uploads\/2023\/03\/Difundiran-beneficios-de-la-mediacion.jpg","jetpack_sharing_enabled":true,"_links":{"self":[{"href":"https:\/\/zonaroja.com.mx\/index.php?rest_route=\/wp\/v2\/posts\/52830","targetHints":{"allow":["GET"]}}],"collection":[{"href":"https:\/\/zonaroja.com.mx\/index.php?rest_route=\/wp\/v2\/posts"}],"about":[{"href":"https:\/\/zonaroja.com.mx\/index.php?rest_route=\/wp\/v2\/types\/post"}],"author":[{"embeddable":true,"href":"https:\/\/zonaroja.com.mx\/index.php?rest_route=\/wp\/v2\/users\/2"}],"replies":[{"embeddable":true,"href":"https:\/\/zonaroja.com.mx\/index.php?rest_route=%2Fwp%2Fv2%2Fcomments&post=52830"}],"version-history":[{"count":1,"href":"https:\/\/zonaroja.com.mx\/index.php?rest_route=\/wp\/v2\/posts\/52830\/revisions"}],"predecessor-version":[{"id":52832,"href":"https:\/\/zonaroja.com.mx\/index.php?rest_route=\/wp\/v2\/posts\/52830\/revisions\/52832"}],"wp:featuredmedia":[{"embeddable":true,"href":"https:\/\/zonaroja.com.mx\/index.php?rest_route=\/wp\/v2\/media\/52831"}],"wp:attachment":[{"href":"https:\/\/zonaroja.com.mx\/index.php?rest_route=%2Fwp%2Fv2%2Fmedia&parent=52830"}],"wp:term":[{"taxonomy":"category","embeddable":true,"href":"https:\/\/zonaroja.com.mx\/index.php?rest_route=%2Fwp%2Fv2%2Fcategories&post=52830"},{"taxonomy":"post_tag","embeddable":true,"href":"https:\/\/zonaroja.com.mx\/index.php?rest_route=%2Fwp%2Fv2%2Ftags&post=52830"}],"curies":[{"name":"wp","href":"https:\/\/api.w.org\/{rel}","templated":true}]}}