{"id":52835,"date":"2023-03-15T08:57:00","date_gmt":"2023-03-15T14:57:00","guid":{"rendered":"http:\/\/www.zonaroja.com.mx\/?p=52835"},"modified":"2023-03-15T08:08:08","modified_gmt":"2023-03-15T14:08:08","slug":"ayuntamiento-de-oaxaca-de-juarez-causante-de-caos-con-comerciantes","status":"publish","type":"post","link":"https:\/\/zonaroja.com.mx\/?p=52835","title":{"rendered":"Ayuntamiento de Oaxaca de Ju\u00e1rez, causante de caos con comerciantes"},"content":{"rendered":"\n<p>Redacci\u00f3n\/Zona Roja.<\/p>\n\n\n\n<p>Oaxaca de Ju\u00e1rez, Oax., a 15 de marzo de 2023.- En lugar de resolver la problem\u00e1tica del ambulante, el ayuntamiento de Oaxaca de Ju\u00e1rez lo enreda y complica, denunciaron comerciantes.<\/p>\n\n\n\n<p>Y es que ayer, la autoridad envi\u00f3 unos 150 polic\u00edas municipales para intentar detener a cuatro vendedores que hab\u00edan sido reubicados por la propia autoridad, as\u00ed como a quienes se oponen al reordenamiento, en la calle Aldama del CEntro Hist\u00f3rico.<\/p>\n\n\n\n<p>Los vendedores acusaron que el ayuntamiento incumpli\u00f3 con los acuerdos establecidos con comerciantes, agrupados en diversas organizaciones, a quienes enga\u00f1\u00f3, hostig\u00f3 y violent\u00f3 a trav\u00e9s de los inspectores, los cuales con lujo de violencia pretendieron desalojarlos de la calle de Aldama.<\/p>\n\n\n\n<p>Los afectados de los diversos organismos hab\u00edan pactado con la Secretar\u00eda de Gobierno, que preside Felipe Canseco, a trav\u00e9s de la Direcci\u00f3n de Concertaci\u00f3n Pol\u00edtica, para una reubicaci\u00f3n temporal ante los trabajos de mantenimiento y construcci\u00f3n de banquetas que realiza el ayuntamiento.<\/p>\n\n\n\n<p>Sin embargo, una inspectora identificada como Graciela se present\u00f3 en la zona para exigir de manera violenta a los vendedores el retiro del lugar, pese a que exist\u00eda un acuerdo con todos los comerciantes, quienes cuentan con permisos desde hace m\u00e1s de tres generaciones.&nbsp;<\/p>\n\n\n\n<p>Ante ello, hicieron presencia elementos de la Polic\u00eda Municipal, los cuales incluso se dio a conocer de manera extraoficial que hab\u00edan retirado uno de los puestos.<\/p>\n\n\n\n<p>Este hecho provoc\u00f3 que los vendedores de distintas organizaciones y &nbsp;quienes siempre han mostrado disponibilidad con el gobierno municipal, rompieron el di\u00e1logo con las autoridades ante la arbitrariedad con la que actuaron.<\/p>\n\n\n\n<p>Mujeres comerciantes de las agrupaciones&nbsp;se han encadenado a sus puestos debido a que este es el \u00fanico sost\u00e9n para sus familias debido a que muchas de ellas son madres y padres de familia a la vez.<\/p>\n\n\n\n<p>Molestos, las y los afectados aseguraron que no habr\u00e1 pl\u00e1ticas hasta que esta administraci\u00f3n cumpla realmente con sus promesas y acuerdos. \u00a0<\/p>\n\n\n\n<figure class=\"wp-block-embed is-type-rich is-provider-twitter wp-block-embed-twitter\"><div class=\"wp-block-embed__wrapper\">\n<div class=\"twitter-tweet\"><blockquote class=\"twitter-tweet\" data-lang=\"es\"><p lang=\"es\" dir=\"ltr\"><a href=\"https:\/\/twitter.com\/hashtag\/ENVIVO?src=hash&amp;ref_src=twsrc%5Etfw\">#ENVIVO<\/a><br>Oaxaca de Ju\u00e1rez, Oax., a 14 de marzo de 2033.- Por la reubicaci\u00f3n de cuatro puestos, surge confrontaci\u00f3n entre comerciantes y polic\u00edas del <a href=\"https:\/\/twitter.com\/MunicipioOaxaca?ref_src=twsrc%5Etfw\">@MunicipioOaxaca<\/a>, en la calle de Aldama, Centro Hist\u00f3rico. <br>\ud83d\udc47<a href=\"https:\/\/t.co\/Co2shXrEgp\">https:\/\/t.co\/Co2shXrEgp<\/a> <a href=\"https:\/\/t.co\/j7GfpCXpPk\">pic.twitter.com\/j7GfpCXpPk<\/a><\/p>&mdash; Zona Roja Oaxaca (@ZonaRoja_Oaxaca) <a href=\"https:\/\/twitter.com\/ZonaRoja_Oaxaca\/status\/1635731838118363142?ref_src=twsrc%5Etfw\">14 de marzo de 2023<\/a><\/blockquote><\/div>\n<\/div><\/figure>\n","protected":false},"excerpt":{"rendered":"<p>Redacci\u00f3n\/Zona Roja. Oaxaca de Ju\u00e1rez, Oax., a 15 de marzo de 2023.- En lugar de&hellip;<\/p>\n","protected":false},"author":2,"featured_media":52836,"comment_status":"closed","ping_status":"open","sticky":false,"template":"","format":"standard","meta":{"_lmt_disableupdate":"","_lmt_disable":"","_jetpack_memberships_contains_paid_content":false,"footnotes":""},"categories":[109,47],"tags":[148],"class_list":["post-52835","post","type-post","status-publish","format-standard","has-post-thumbnail","hentry","category-minuto-a-minuto","category-zona-gris","tag-oaxaca-de-juarez"],"jetpack_featured_media_url":"https:\/\/zonaroja.com.mx\/wp-content\/uploads\/2023\/03\/Vendedora-ambulante-se-encadeba-para-no-ser-retirada-Oaxaca.jpg","jetpack_sharing_enabled":true,"_links":{"self":[{"href":"https:\/\/zonaroja.com.mx\/index.php?rest_route=\/wp\/v2\/posts\/52835","targetHints":{"allow":["GET"]}}],"collection":[{"href":"https:\/\/zonaroja.com.mx\/index.php?rest_route=\/wp\/v2\/posts"}],"about":[{"href":"https:\/\/zonaroja.com.mx\/index.php?rest_route=\/wp\/v2\/types\/post"}],"author":[{"embeddable":true,"href":"https:\/\/zonaroja.com.mx\/index.php?rest_route=\/wp\/v2\/users\/2"}],"replies":[{"embeddable":true,"href":"https:\/\/zonaroja.com.mx\/index.php?rest_route=%2Fwp%2Fv2%2Fcomments&post=52835"}],"version-history":[{"count":1,"href":"https:\/\/zonaroja.com.mx\/index.php?rest_route=\/wp\/v2\/posts\/52835\/revisions"}],"predecessor-version":[{"id":52837,"href":"https:\/\/zonaroja.com.mx\/index.php?rest_route=\/wp\/v2\/posts\/52835\/revisions\/52837"}],"wp:featuredmedia":[{"embeddable":true,"href":"https:\/\/zonaroja.com.mx\/index.php?rest_route=\/wp\/v2\/media\/52836"}],"wp:attachment":[{"href":"https:\/\/zonaroja.com.mx\/index.php?rest_route=%2Fwp%2Fv2%2Fmedia&parent=52835"}],"wp:term":[{"taxonomy":"category","embeddable":true,"href":"https:\/\/zonaroja.com.mx\/index.php?rest_route=%2Fwp%2Fv2%2Fcategories&post=52835"},{"taxonomy":"post_tag","embeddable":true,"href":"https:\/\/zonaroja.com.mx\/index.php?rest_route=%2Fwp%2Fv2%2Ftags&post=52835"}],"curies":[{"name":"wp","href":"https:\/\/api.w.org\/{rel}","templated":true}]}}