{"id":52840,"date":"2023-03-15T11:15:00","date_gmt":"2023-03-15T17:15:00","guid":{"rendered":"http:\/\/www.zonaroja.com.mx\/?p=52840"},"modified":"2023-03-15T08:27:32","modified_gmt":"2023-03-15T14:27:32","slug":"demandan-organismos-civiles-transparencia-y-participacion-en-proceso-de-eleccion-en-la-ddhpo","status":"publish","type":"post","link":"https:\/\/zonaroja.com.mx\/?p=52840","title":{"rendered":"Demandan organismos civiles transparencia y participaci\u00f3n en proceso de elecci\u00f3n en la DDHPO"},"content":{"rendered":"\n<p>Ismael Garc\u00eda M.\/Zona Roja.<\/p>\n\n\n\n<p>Oaxaca de Ju\u00e1rez, Oax., a 15 de marzo de 2023.- Organismos de la sociedad civil demandaron a la Comisi\u00f3n Permanente de Derechos Humanos del Congreso del Estado, transparencia y apertura en la elecci\u00f3n del pr\u00f3ximo titular de la Defensor\u00eda de los Derechos Humanos del Pueblo de Oaxaca (DDHPO).<\/p>\n\n\n\n<p>Adem\u00e1s, en una carta p\u00fablica, expresaron su preocupaci\u00f3n frente al proceso de selecci\u00f3n de la persona defensora que dirigir\u00e1 la instituci\u00f3n, tras la renuncia de Bernardo Rodr\u00edguez Alamilla.<\/p>\n\n\n\n<p>Por ello, solicitaron abrir un espacio a integrantes de la sociedad civil que trabajan en el tema, formulando cuestionamientos y participando activa y v\u00e1lidamente en este proceso de selecci\u00f3n.<\/p>\n\n\n\n<p>Dentro de las preocupaciones que se suscitaron despu\u00e9s de haber le\u00eddo la convocatoria publicada para la selecci\u00f3n del titular de la Defensor\u00eda de los Derechos Humanos del Pueblo de Oaxaca se\u00f1alan:<\/p>\n\n\n\n<p>1. No se clarifica el plazo sobre los procedimientos para allegarse de informaci\u00f3n de autoridades jurisdiccionales o no jurisdiccionales para validar la informaci\u00f3n presentada por las personas aspirantes.<\/p>\n\n\n\n<p>2. Cuestionamos como organizaciones de la sociedad civil no seamos tomadas en cuenta para participar en el an\u00e1lisis de las comparecencias y propuestas de las personas aspirantes, ya que tenemos el leg\u00edtimo derecho de opinar si las referidas postulaciones podr\u00edan ser viables como alternativas para la atenci\u00f3n de las problem\u00e1ticas de derechos humanos en la entidad.<\/p>\n\n\n\n<p>3. Precisamente por la experiencia adquirida, en terreno, respecto a la defensa y protecci\u00f3n de los derechos humanos adelantamos que una de las necesidades apremiantes se cubra el requisito en las personas aspirantes, sobre su experiencia en la defensa y protecci\u00f3n de los derechos humanos de las personas, lo que le implica asumir una posici\u00f3n pro activa y progresista de quien ocupe la Defensor\u00eda que es su funci\u00f3n primordial.<\/p>\n\n\n\n<p>4. Por ello es necesario que se establezcan y especifiquen los plazos, con fechas y horarios de cada una de las fases del proceso ante el Congreso de la selecci\u00f3n de candidatas y candidatos, para que, como sociedad civil, participemos en este ejercicio democr\u00e1tico de selecci\u00f3n de la persona a ocupar el cargo. Toda vez que como ha sido del conocimiento p\u00fablico los vac\u00edos en los lineamientos, convocatorias y en general en la normatividad, han generado la inserci\u00f3n de pr\u00e1cticas desleales que conducen al error y a la confusi\u00f3n, solicitamos a ustedes se sirvan, abrirnos el espacio a integrantes de la sociedad civil que trabajamos en el tema, para que formulemos cuestionamientos y participemos activa y v\u00e1lidamente en este proceso de selecci\u00f3n con absoluta transparencia frente a la sociedad.<\/p>\n\n\n\n<p>Expusieron que han estado y seguir\u00e1n observando la claridad y transparencia en el devenir de quienes estar\u00e1n a cargo de este organismo para que se aplique el respeto a los derechos humanos, atendiendo la dignidad de las personas.<\/p>\n\n\n\n<p>La carta p\u00fablica la firman integrantes de la Plataforma de Derechos HUmanos como C\u00f3digo DH, Barca A. C., Centro de Apoyo al Movimiento Popular, Cepiadet, C\u00edrculo Profesional para la Formaci\u00f3n con Equidad \u201cNduva Ndandi\u201d A. C., Colectivo de Mujeres de Ayutla, Flor y Canto, Idemo, Consejeras Oaxaca, Luna del Sur, Mano Vuelta, Ojo de Agua Comunicaci\u00f3n, Pi\u00f1a Palmera y Servicios de Pueblo Mixe, por mencionar a algunos.<\/p>\n","protected":false},"excerpt":{"rendered":"<p>Ismael Garc\u00eda M.\/Zona Roja. Oaxaca de Ju\u00e1rez, Oax., a 15 de marzo de 2023.- Organismos&hellip;<\/p>\n","protected":false},"author":2,"featured_media":17057,"comment_status":"closed","ping_status":"open","sticky":false,"template":"","format":"standard","meta":{"_lmt_disableupdate":"","_lmt_disable":"","_jetpack_memberships_contains_paid_content":false,"footnotes":""},"categories":[109,46],"tags":[286],"class_list":["post-52840","post","type-post","status-publish","format-standard","has-post-thumbnail","hentry","category-minuto-a-minuto","category-zona-blanca","tag-defensoria-de-los-derechos-humanos-del-pueblo-de-oaxaca"],"jetpack_featured_media_url":"https:\/\/zonaroja.com.mx\/wp-content\/uploads\/2020\/09\/DDHPO-Defensoria.png","jetpack_sharing_enabled":true,"_links":{"self":[{"href":"https:\/\/zonaroja.com.mx\/index.php?rest_route=\/wp\/v2\/posts\/52840","targetHints":{"allow":["GET"]}}],"collection":[{"href":"https:\/\/zonaroja.com.mx\/index.php?rest_route=\/wp\/v2\/posts"}],"about":[{"href":"https:\/\/zonaroja.com.mx\/index.php?rest_route=\/wp\/v2\/types\/post"}],"author":[{"embeddable":true,"href":"https:\/\/zonaroja.com.mx\/index.php?rest_route=\/wp\/v2\/users\/2"}],"replies":[{"embeddable":true,"href":"https:\/\/zonaroja.com.mx\/index.php?rest_route=%2Fwp%2Fv2%2Fcomments&post=52840"}],"version-history":[{"count":1,"href":"https:\/\/zonaroja.com.mx\/index.php?rest_route=\/wp\/v2\/posts\/52840\/revisions"}],"predecessor-version":[{"id":52841,"href":"https:\/\/zonaroja.com.mx\/index.php?rest_route=\/wp\/v2\/posts\/52840\/revisions\/52841"}],"wp:featuredmedia":[{"embeddable":true,"href":"https:\/\/zonaroja.com.mx\/index.php?rest_route=\/wp\/v2\/media\/17057"}],"wp:attachment":[{"href":"https:\/\/zonaroja.com.mx\/index.php?rest_route=%2Fwp%2Fv2%2Fmedia&parent=52840"}],"wp:term":[{"taxonomy":"category","embeddable":true,"href":"https:\/\/zonaroja.com.mx\/index.php?rest_route=%2Fwp%2Fv2%2Fcategories&post=52840"},{"taxonomy":"post_tag","embeddable":true,"href":"https:\/\/zonaroja.com.mx\/index.php?rest_route=%2Fwp%2Fv2%2Ftags&post=52840"}],"curies":[{"name":"wp","href":"https:\/\/api.w.org\/{rel}","templated":true}]}}