{"id":52845,"date":"2023-03-15T20:24:01","date_gmt":"2023-03-16T02:24:01","guid":{"rendered":"http:\/\/www.zonaroja.com.mx\/?p=52845"},"modified":"2023-03-15T20:24:03","modified_gmt":"2023-03-16T02:24:03","slug":"sin-mayores-detalles-ayuntamiento-de-oaxaca-de-juarez-corrobora-robo-masivo-de-vehiculos","status":"publish","type":"post","link":"https:\/\/zonaroja.com.mx\/?p=52845","title":{"rendered":"Sin mayores detalles, ayuntamiento de Oaxaca de Ju\u00e1rez corrobora robo masivo de veh\u00edculos"},"content":{"rendered":"\n<p>Yuridiana Sosa\/Zona Roja.<\/p>\n\n\n\n<p>Oaxaca de Ju\u00e1rez, Oax., a 15 de marzo de 2023.- Por la sustracci\u00f3n de m\u00e1s de 800 unidades y fierro&nbsp;viejo del encierro municipal \u201cPrimavera\u201d, realizada por funcionarios, el ayuntamiento de Oaxaca de Ju\u00e1rez present\u00f3 denuncias ante la Fiscal\u00eda General de Oaxaca por los delitos de dolo y abuso de confianza.<\/p>\n\n\n\n<p>As\u00ed lo dio a conocer el director jur\u00eddico municipal, Dagoberto Carre\u00f1o Gopar, durante conferencia de prensa este mi\u00e9rcoles, a casi dos semanas de darse a conocer p\u00fablicamente el hecho, pero en la que no ofrecieron novedades del caso, del cu\u00e1l se ha sabido m\u00e1s por investigaciones period\u00edsticas que por la propia autoridad.<\/p>\n\n\n\n<p>El funcionario neg\u00f3 que el ayuntamiento haya tratado de ocultar este caso debido a que no lo hab\u00eda dado a conocer p\u00fablicamente, y tampoco&nbsp;fue omiso al hecho, por el cual desde octubre de 2022 presentaron las denuncias e iniciaron las indagatorias internas por parte de la autoridad municipal, dando como resultado la separaci\u00f3n de cargo y renuncia de seis funcionarios.<\/p>\n\n\n\n<p>Por este hecho, en el que se present\u00f3 la sustracci\u00f3n ilegal de 426 veh\u00edculos, 350 motocicletas, 35 bicicletas, fierro viejo y hasta sem\u00e1foros en buen estado para su venta entre marzo y junio de 2022, se realizan dos tipos de investigaciones, la penal por parte de la Fiscal\u00eda de Oaxaca y la administrativa por el \u00f3rgano interno del ayuntamiento.<\/p>\n\n\n\n<p>Ser\u00e1 la Fiscal\u00eda de Oaxaca, a trav\u00e9s de las indagatorias, la que determine si a partir de los delitos se\u00f1alados se desprenden otros, indic\u00f3 el director jur\u00eddico, quien agreg\u00f3 que tambi\u00e9n en estas investigaciones se pueda concretar el n\u00famero de las unidades y material sustra\u00eddo y si existe evidencia que esta pr\u00e1ctica se haya realizado en otras administraciones.<\/p>\n\n\n\n<p>La investigaci\u00f3n, clasificada como reservada, incluye a todas las personas que pudieran ser\u00a0responsables\u00a0del delito, y ha sido por ese motivo que el gobierno municipal\u00a0ha mantenido discreci\u00f3n en el tema para no afectar las indagatorias y en cumplimiento a la protecci\u00f3n de datos personales.<\/p>\n\n\n\n<figure class=\"wp-block-embed is-type-rich is-provider-twitter wp-block-embed-twitter\"><div class=\"wp-block-embed__wrapper\">\n<div class=\"twitter-tweet\"><blockquote class=\"twitter-tweet\" data-lang=\"es\"><p lang=\"es\" dir=\"ltr\">Sin mayores datos acerca del caso, el ayuntamiento del <a href=\"https:\/\/twitter.com\/MunicipioOaxaca?ref_src=twsrc%5Etfw\">@MunicipioOaxaca<\/a> reconoci\u00f3 que s\u00ed se robaron m\u00e1s de 700 veh\u00edculos en un encierro municipal y que hay al menos seis personas cesadas; pero siguen protegiendo al secretario de Gobierno, Felipe Canseco Ruiz. <a href=\"https:\/\/t.co\/fAUIpvvnkz\">pic.twitter.com\/fAUIpvvnkz<\/a><\/p>&mdash; Zona Roja Oaxaca (@ZonaRoja_Oaxaca) <a href=\"https:\/\/twitter.com\/ZonaRoja_Oaxaca\/status\/1636157535173636097?ref_src=twsrc%5Etfw\">16 de marzo de 2023<\/a><\/blockquote><\/div>\n<\/div><\/figure>\n","protected":false},"excerpt":{"rendered":"<p>Yuridiana Sosa\/Zona Roja. Oaxaca de Ju\u00e1rez, Oax., a 15 de marzo de 2023.- Por la&hellip;<\/p>\n","protected":false},"author":2,"featured_media":52846,"comment_status":"closed","ping_status":"open","sticky":false,"template":"","format":"standard","meta":{"_lmt_disableupdate":"","_lmt_disable":"","_jetpack_memberships_contains_paid_content":false,"footnotes":""},"categories":[109,47],"tags":[148],"class_list":["post-52845","post","type-post","status-publish","format-standard","has-post-thumbnail","hentry","category-minuto-a-minuto","category-zona-gris","tag-oaxaca-de-juarez"],"jetpack_featured_media_url":"https:\/\/zonaroja.com.mx\/wp-content\/uploads\/2023\/03\/Conferencia-de-prensa-Oaxaca-de-Juarez.jpg","jetpack_sharing_enabled":true,"_links":{"self":[{"href":"https:\/\/zonaroja.com.mx\/index.php?rest_route=\/wp\/v2\/posts\/52845","targetHints":{"allow":["GET"]}}],"collection":[{"href":"https:\/\/zonaroja.com.mx\/index.php?rest_route=\/wp\/v2\/posts"}],"about":[{"href":"https:\/\/zonaroja.com.mx\/index.php?rest_route=\/wp\/v2\/types\/post"}],"author":[{"embeddable":true,"href":"https:\/\/zonaroja.com.mx\/index.php?rest_route=\/wp\/v2\/users\/2"}],"replies":[{"embeddable":true,"href":"https:\/\/zonaroja.com.mx\/index.php?rest_route=%2Fwp%2Fv2%2Fcomments&post=52845"}],"version-history":[{"count":1,"href":"https:\/\/zonaroja.com.mx\/index.php?rest_route=\/wp\/v2\/posts\/52845\/revisions"}],"predecessor-version":[{"id":52847,"href":"https:\/\/zonaroja.com.mx\/index.php?rest_route=\/wp\/v2\/posts\/52845\/revisions\/52847"}],"wp:featuredmedia":[{"embeddable":true,"href":"https:\/\/zonaroja.com.mx\/index.php?rest_route=\/wp\/v2\/media\/52846"}],"wp:attachment":[{"href":"https:\/\/zonaroja.com.mx\/index.php?rest_route=%2Fwp%2Fv2%2Fmedia&parent=52845"}],"wp:term":[{"taxonomy":"category","embeddable":true,"href":"https:\/\/zonaroja.com.mx\/index.php?rest_route=%2Fwp%2Fv2%2Fcategories&post=52845"},{"taxonomy":"post_tag","embeddable":true,"href":"https:\/\/zonaroja.com.mx\/index.php?rest_route=%2Fwp%2Fv2%2Ftags&post=52845"}],"curies":[{"name":"wp","href":"https:\/\/api.w.org\/{rel}","templated":true}]}}