{"id":52848,"date":"2023-03-15T22:25:11","date_gmt":"2023-03-16T04:25:11","guid":{"rendered":"http:\/\/www.zonaroja.com.mx\/?p=52848"},"modified":"2023-03-15T22:25:13","modified_gmt":"2023-03-16T04:25:13","slug":"y-morenistas-recularon-su-exhorto-tras-exhibida-del-priista-freddy-gil","status":"publish","type":"post","link":"https:\/\/zonaroja.com.mx\/?p=52848","title":{"rendered":"Y morenistas recularon su exhorto tras exhibida del priista Freddy Gil"},"content":{"rendered":"\n<p>Ismael Garc\u00eda M.\/Zona Roja.<\/p>\n\n\n\n<p>San Raymundo Jalpan, Oax., a 15 de marzo de 2023.- Los morenistas y sus aliados en la C\u00e1mara de Diputados quisieron exhibir y sancionar el presunto vandalismo de Freddy Gil Pineda. Pero salieron exhibidos de recibir apoyos del gobierno de Alejandro Murat\u2026 y optaron por retirar el punto de Acuerdo.<\/p>\n\n\n\n<p>La sesi\u00f3n ordinaria de la 65 Legislatura de este mi\u00e9rcoles inici\u00f3 con casi dos horas y media de retraso. Un largo orden del d\u00eda que preve\u00eda tediosa jornada, de escasas y grises iniciativas.&nbsp;<\/p>\n\n\n\n<p>Pero a las 14:15 horas, un punto que no estaba en la orden de anoche, llam\u00f3 la atenci\u00f3n de algunos legisladores, aunque no del aludido, que ya llevaba su discurso preparado.<\/p>\n\n\n\n<p>EXHORTO SOSO<\/p>\n\n\n\n<p>Fue el octavo punto, le\u00eddo por la diputada Hayde\u00e9 Reyes Soto, que gener\u00f3 m\u00e1s que debate, ri\u00f1as, acusaciones y gritos de \u201cporros\u201d allegados a Fredy Gil, que pese a los fuertes gritos y desorden desde las gradas, no fueron sancionados por la seguridad del recinto.<\/p>\n\n\n\n<p>El exhorto que se avalar\u00eda de obvia y urgente resoluci\u00f3n, estaba firmado por los partidos Morena, PVEM y PT y se refer\u00eda a los hechos vand\u00e1licos registrados el pasado lunes en la Secretar\u00eda de Finanzas, sede ubicada en Ciudad Judicial, San Bartolo Coyotepec.<\/p>\n\n\n\n<p>\u201cLa conducta de un representante popular no s\u00f3lo debe ser apropiada sino ejemplar, m\u00e1s all\u00e1 de las apreciaciones o criterios subjetivos, la ley nos establece par\u00e1metros que debemos cumplir\u2026<\/p>\n\n\n\n<p>\u201cReprobamos los hechos suscitados en las oficinas de la Secretar\u00eda de Finanzas, en los que hubo intervenci\u00f3n de nuestro compa\u00f1ero diputado Freddy Gil Pineda, ya que atenta con el principio democr\u00e1tico del di\u00e1logo y ponen en riesgo la integridad f\u00edsica\u201d.<\/p>\n\n\n\n<p>Soso y gris el exhorto, que fue aplaudido por el grupo de morenistas, pero de inmediato, el aludido pidi\u00f3 la palabra desde su curul, ante la mirada tranquila y reservada de su coordinador de bancada, Alejandro Avil\u00e9s \u00c1lvarez, que opt\u00f3 por no meterse al debate.<\/p>\n\n\n\n<figure class=\"wp-block-embed is-type-rich is-provider-twitter wp-block-embed-twitter\"><div class=\"wp-block-embed__wrapper\">\n<div class=\"twitter-tweet\"><blockquote class=\"twitter-tweet\" data-lang=\"es\"><p lang=\"es\" dir=\"ltr\"><a href=\"https:\/\/twitter.com\/hashtag\/%C3%9AltimoMinuto?src=hash&amp;ref_src=twsrc%5Etfw\">#\u00daltimoMinuto<\/a><br>\u00a1Agarr\u00f3n en el <a href=\"https:\/\/twitter.com\/CongresoOaxaca_?ref_src=twsrc%5Etfw\">@CongresoOaxaca_<\/a> por caso <a href=\"https:\/\/twitter.com\/FREDDYGILPINEDA?ref_src=twsrc%5Etfw\">@freddygilpineda<\/a> y vandalismo.<br>Morenistas y aliados presentaron un exhorto contra el pri\u00edsta y arranc\u00f3 la discusi\u00f3n y acusaciones. <br>Pero al final no votaron la propuesta. <br>M\u00e1s detalles:<a href=\"https:\/\/t.co\/8dZsRUB6Uz\">https:\/\/t.co\/8dZsRUB6Uz<\/a> <a href=\"https:\/\/t.co\/7s3dxFM1XR\">pic.twitter.com\/7s3dxFM1XR<\/a><\/p>&mdash; Zona Roja Oaxaca (@ZonaRoja_Oaxaca) <a href=\"https:\/\/twitter.com\/ZonaRoja_Oaxaca\/status\/1636109136835256322?ref_src=twsrc%5Etfw\">15 de marzo de 2023<\/a><\/blockquote><\/div>\n<\/div><\/figure>\n\n\n\n<p>LA RESPUESTA<\/p>\n\n\n\n<p>\u201cUn Punto de Acuerdo de esta naturaleza falta al esp\u00edritu de este Poder Legislativo como contrapeso del Poder Ejecutivo y es una franca violaci\u00f3n a la Constituci\u00f3n\u201d, ley\u00f3 Freddy Gil, citando a Victoriano Huerta, quien acall\u00f3 a diputados cr\u00edticos.<\/p>\n\n\n\n<p>\u201cCritican al PRI como oposici\u00f3n, pero eso s\u00ed perdonan a los que se han vuelto sus aliados (y volte\u00f3 hacia Samuel Gurri\u00f3n). Adem\u00e1s, de inmoral, es ilegal\u2026 \u00a1no hay una sola evidencia ni fotogr\u00e1fica.<\/p>\n\n\n\n<p>\u201cFueron \u2018porros\u2019 contratados, el \u2018Duke\u2019, el \u2018Tyson\u2019, fuego contra fuego para que contraatacaran, porque M\u00e9xico ya les llam\u00f3 la atenci\u00f3n de que est\u00e1n reprimiendo al pueblo.&nbsp;<\/p>\n\n\n\n<p>\u201cEntonces que no se hagan, detuvieron a 22, no eran mi gente; yo ped\u00ed que se quedaran encarcelados y pagaran los destrozos que hicieron; que no confundan al pueblo, aqu\u00ed de la misma chiche mamamos, \u00a1no se vale!\u201d, cerr\u00f3 el legislador coste\u00f1o.<\/p>\n\n\n\n<p>\u201cES UNA VERG\u00dcERZA\u201d<\/p>\n\n\n\n<p>Hayde\u00e9 Reyes s\u00f3lo argument\u00f3 que para eso estaba la Fiscal\u00eda, que realizar\u00eda las indagatorias correspondientes.<\/p>\n\n\n\n<p>Tom\u00f3 la palabra, desde su lugar, la diputada Juana Aguilar, que pidi\u00f3 respeto; le toc\u00f3 a la diputad priista Mar\u00eda Luisa Matus subir a defender a Freddy Gil:<\/p>\n\n\n\n<p>\u201cEn el orden del d\u00eda que nos dieron a conocer anoche, este punto no estaba, eso quiere decir que utilizan el poder que se tiene para lograr o bajar un punto de acuerdo a como les d\u00e9 la gana; es una verg\u00fcenza y una pena que este Congreso quiera usar la censura en contra de otro diputado\u201d, dijo.<\/p>\n\n\n\n<p>\u201c\u00a1D\u00f3nde est\u00e1 la pol\u00edtica interna, qui\u00e9n ejerce la pol\u00edtica interna, que antes marchaba, gritaba, sal\u00eda a exigir con cacerolas y hoy manda \u00b4porros\u2019, hoy manda censurar! Tampoco se vale la intromisi\u00f3n de otro poder, les pido que seamos responsables de nuestros actos\u201d, dijo, en referencia a Jes\u00fas Romero L\u00f3pez.<\/p>\n\n\n\n<p>LAS ACUSACIONES<\/p>\n\n\n\n<p>Leve llamado a los gritos en tribuna, por parte de la porra del priista. La discusi\u00f3n sub\u00eda de tono. Liz Matus, suplente de Laura Estrada Mauro, dijo que tambi\u00e9n se hab\u00eda censurado a otros diputados y que los priistas jam\u00e1s fueron cr\u00edticos en el sexenio anterior.<\/p>\n\n\n\n<p>Respondi\u00f3 Liz Concha: \u201cUstedes vienen de la lucha, seguramente no les toc\u00f3 vivir eso porque hasta camioneta les daban\u2026 Es una verg\u00fcenza que el propio secretario de Seguridad P\u00fablica haya estado ah\u00ed con Freddy, cuando tiene muchos temas que atender.<\/p>\n\n\n\n<p>La Mesa Directiva pretend\u00eda terminar la discusi\u00f3n, pero Sergio L\u00f3pez S\u00e1nchez pidi\u00f3 la palabra, para querer menguar el tema y tratar de aclarar la actitud pero prendi\u00f3 la mecha, tras citar a los promotores de la represi\u00f3n, como Ulises Ruiz y Jorge Franco Vargas:<\/p>\n\n\n\n<p>\u201cHay muchos temas que hay que investigar en el gobierno pasado de Alejandro Murat, hay muchos actores que tienen que ver con recursos p\u00fablicos. Que no quede solamente en un exhorto a una conducci\u00f3n.<\/p>\n\n\n\n<p>\u201cQue vaya m\u00e1s all\u00e1, que se investiguen los 400 millones de pesos que se le transfirieron por concepto de fortalecimiento financiero a dos municipios, San Pedro Mixtepec y Reyes Nopala que represent\u00f3 el compa\u00f1ero Freddy. Ese es el fondo del asunto\u201d.<\/p>\n\n\n\n<p>De inmediato recul\u00f3 el priista:&nbsp;<\/p>\n\n\n\n<p>\u201c\u00a1No me preocupa, no me preocupa! Sergio, t\u00fa y yo estuvimos en una reuni\u00f3n con el secretario de Finanzas cuando gestionaste para tu beneficio, te tengo grabado Sergio; estuvimos en el hotel en San Felipe, t\u00fa y yo, y te dieron carros, acu\u00e9rdate, se un hombre que da la cara. \u00a1Ten la cola corta si quieres hablar!\u201d.<\/p>\n\n\n\n<p>Tomaba sabor la sesi\u00f3n y se convert\u00eda en un grito de acusaciones, cuando la Mesa Directiva, en ausencia de la presidenta M\u00edriam de los \u00c1ngeles, prefiri\u00f3 cambiar de punto del orden del d\u00eda\u2026 y olvidar el tema para evitar m\u00e1s exhibidas.<\/p>\n","protected":false},"excerpt":{"rendered":"<p>Ismael Garc\u00eda M.\/Zona Roja. San Raymundo Jalpan, Oax., a 15 de marzo de 2023.- Los&hellip;<\/p>\n","protected":false},"author":2,"featured_media":52849,"comment_status":"closed","ping_status":"open","sticky":false,"template":"","format":"standard","meta":{"_lmt_disableupdate":"","_lmt_disable":"","_jetpack_memberships_contains_paid_content":false,"footnotes":""},"categories":[109,47],"tags":[2743],"class_list":["post-52848","post","type-post","status-publish","format-standard","has-post-thumbnail","hentry","category-minuto-a-minuto","category-zona-gris","tag-65-legislatura-del-estado-de-oaxaca"],"jetpack_featured_media_url":"https:\/\/zonaroja.com.mx\/wp-content\/uploads\/2023\/03\/Sesion-Congreso-Freddy-Gil.jpg","jetpack_sharing_enabled":true,"_links":{"self":[{"href":"https:\/\/zonaroja.com.mx\/index.php?rest_route=\/wp\/v2\/posts\/52848","targetHints":{"allow":["GET"]}}],"collection":[{"href":"https:\/\/zonaroja.com.mx\/index.php?rest_route=\/wp\/v2\/posts"}],"about":[{"href":"https:\/\/zonaroja.com.mx\/index.php?rest_route=\/wp\/v2\/types\/post"}],"author":[{"embeddable":true,"href":"https:\/\/zonaroja.com.mx\/index.php?rest_route=\/wp\/v2\/users\/2"}],"replies":[{"embeddable":true,"href":"https:\/\/zonaroja.com.mx\/index.php?rest_route=%2Fwp%2Fv2%2Fcomments&post=52848"}],"version-history":[{"count":1,"href":"https:\/\/zonaroja.com.mx\/index.php?rest_route=\/wp\/v2\/posts\/52848\/revisions"}],"predecessor-version":[{"id":52850,"href":"https:\/\/zonaroja.com.mx\/index.php?rest_route=\/wp\/v2\/posts\/52848\/revisions\/52850"}],"wp:featuredmedia":[{"embeddable":true,"href":"https:\/\/zonaroja.com.mx\/index.php?rest_route=\/wp\/v2\/media\/52849"}],"wp:attachment":[{"href":"https:\/\/zonaroja.com.mx\/index.php?rest_route=%2Fwp%2Fv2%2Fmedia&parent=52848"}],"wp:term":[{"taxonomy":"category","embeddable":true,"href":"https:\/\/zonaroja.com.mx\/index.php?rest_route=%2Fwp%2Fv2%2Fcategories&post=52848"},{"taxonomy":"post_tag","embeddable":true,"href":"https:\/\/zonaroja.com.mx\/index.php?rest_route=%2Fwp%2Fv2%2Ftags&post=52848"}],"curies":[{"name":"wp","href":"https:\/\/api.w.org\/{rel}","templated":true}]}}