{"id":5285,"date":"2019-10-30T22:36:38","date_gmt":"2019-10-31T04:36:38","guid":{"rendered":"http:\/\/www.zonaroja.com.mx\/?p=5285"},"modified":"2019-10-30T22:36:41","modified_gmt":"2019-10-31T04:36:41","slug":"sangra-oaxaca-tres-crimenes-este-miercoles-dos-de-ellos-en-tuxtepec","status":"publish","type":"post","link":"https:\/\/zonaroja.com.mx\/?p=5285","title":{"rendered":"Sangra Oaxaca: tres cr\u00edmenes este mi\u00e9rcoles, dos de ellos en Tuxtepec"},"content":{"rendered":"\n<p>Redacci\u00f3n\/Zona\nRoja.<\/p>\n\n\n\n<p>Oaxaca de\nJu\u00e1rez, Oax., 30 de octubre de 2019.- Tres personas fueron asesinadas este\nmi\u00e9rcoles por disparos de armas de fuego, dos de ellas en la regi\u00f3n de la\nCuenca y otra en la Ca\u00f1ada.<\/p>\n\n\n\n<p>En San Juan\nBautista Tuxtepec ocurrieron hoy dos cr\u00edmenes en distintos sitios distintos; en\nla ma\u00f1ana, Miguel \u00c1ngel J. H. fue ejecutado al interior de una poller\u00eda ubicada\nsobre la calle 20 de Noviembre, en la colonia Centro.<\/p>\n\n\n\n<p>Horas m\u00e1s\ntarde, fue ultimado Adolfo T., de 16 a\u00f1os de edad, cuyo cuerpo fue localizado\nen el campo de futbol de la colonia Adolfo L\u00f3pez Mateos.<\/p>\n\n\n\n<p>En ambos casos\nno hay ninguna persona detenidas; con estos dos casos, en menos de una semana\nsuman siete personas ejecutadas en Tuxtepec.<\/p>\n\n\n\n<p>Por otra\nparte, el secretario municipal de Santa Mar\u00eda Chilchotla inform\u00f3 que en una\nvereda del paraje \u201cEl Mirador\u201d, fue localizado el cad\u00e1ver de una persona, de\nunos 50 a\u00f1os de edad, quien presenta diversos disparos de arma de fuego; hasta\nesta noche no hab\u00eda sido identificada.<\/p>\n\n\n\n<p>Mientras tanto\npor la ma\u00f1ana en una calle del fraccionamiento Trinidad de las Huertas de la\nciudad de Oaxaca, por tercera ocasi\u00f3n en este a\u00f1o se localiz\u00f3 un presunto \u201cnarcomensaje\u201d,\ndirigido a una persona; junto a ella una hielera, presuntamente con restos de\nanimal.<\/p>\n","protected":false},"excerpt":{"rendered":"<p>Redacci\u00f3n\/Zona Roja. Oaxaca de Ju\u00e1rez, Oax., 30 de octubre de 2019.- Tres personas fueron asesinadas&hellip;<\/p>\n","protected":false},"author":2,"featured_media":5286,"comment_status":"closed","ping_status":"open","sticky":false,"template":"","format":"standard","meta":{"_lmt_disableupdate":"","_lmt_disable":"","_jetpack_memberships_contains_paid_content":false,"footnotes":""},"categories":[109,51],"tags":[118],"class_list":["post-5285","post","type-post","status-publish","format-standard","has-post-thumbnail","hentry","category-minuto-a-minuto","category-zona-roja","tag-san-juan-bautista-tuxtepec"],"jetpack_featured_media_url":"https:\/\/zonaroja.com.mx\/wp-content\/uploads\/2019\/10\/PHOTO-2019-10-30-22-29-52.jpg","jetpack_sharing_enabled":true,"_links":{"self":[{"href":"https:\/\/zonaroja.com.mx\/index.php?rest_route=\/wp\/v2\/posts\/5285","targetHints":{"allow":["GET"]}}],"collection":[{"href":"https:\/\/zonaroja.com.mx\/index.php?rest_route=\/wp\/v2\/posts"}],"about":[{"href":"https:\/\/zonaroja.com.mx\/index.php?rest_route=\/wp\/v2\/types\/post"}],"author":[{"embeddable":true,"href":"https:\/\/zonaroja.com.mx\/index.php?rest_route=\/wp\/v2\/users\/2"}],"replies":[{"embeddable":true,"href":"https:\/\/zonaroja.com.mx\/index.php?rest_route=%2Fwp%2Fv2%2Fcomments&post=5285"}],"version-history":[{"count":1,"href":"https:\/\/zonaroja.com.mx\/index.php?rest_route=\/wp\/v2\/posts\/5285\/revisions"}],"predecessor-version":[{"id":5287,"href":"https:\/\/zonaroja.com.mx\/index.php?rest_route=\/wp\/v2\/posts\/5285\/revisions\/5287"}],"wp:featuredmedia":[{"embeddable":true,"href":"https:\/\/zonaroja.com.mx\/index.php?rest_route=\/wp\/v2\/media\/5286"}],"wp:attachment":[{"href":"https:\/\/zonaroja.com.mx\/index.php?rest_route=%2Fwp%2Fv2%2Fmedia&parent=5285"}],"wp:term":[{"taxonomy":"category","embeddable":true,"href":"https:\/\/zonaroja.com.mx\/index.php?rest_route=%2Fwp%2Fv2%2Fcategories&post=5285"},{"taxonomy":"post_tag","embeddable":true,"href":"https:\/\/zonaroja.com.mx\/index.php?rest_route=%2Fwp%2Fv2%2Ftags&post=5285"}],"curies":[{"name":"wp","href":"https:\/\/api.w.org\/{rel}","templated":true}]}}