{"id":52851,"date":"2023-03-15T22:34:39","date_gmt":"2023-03-16T04:34:39","guid":{"rendered":"http:\/\/www.zonaroja.com.mx\/?p=52851"},"modified":"2023-03-15T22:34:41","modified_gmt":"2023-03-16T04:34:41","slug":"sentencia-de-scjn-a-favor-de-paridad-de-genero-avala-violacion-de-derechos-del-congreso","status":"publish","type":"post","link":"https:\/\/zonaroja.com.mx\/?p=52851","title":{"rendered":"Sentencia de SCJN a favor de paridad de g\u00e9nero avala violaci\u00f3n de derechos del Congreso"},"content":{"rendered":"\n<p>Yuridiana Sosa\/Zona Roja.<\/p>\n\n\n\n<p>Oaxaca de Ju\u00e1rez, Oax., a 15 de marzo de 2023.- Defensoras de los derechos de las mujeres se pronunciaron contra las violaciones cometidas por el Congreso de Oaxaca, en la 64 Legislatura, en contra de la paridad de g\u00e9nero en los municipios regidos por Sistemas Normativos Ind\u00edgenas, lo cual fue avalado por la Suprema Corte de Justicia de la Naci\u00f3n que orden\u00f3 el restablecimiento de ese derecho.<\/p>\n\n\n\n<p>\u201cFue un golpe bajo, les puso el pie a las mujeres poco antes de las elecciones\u201d, sentenci\u00f3 la defensora Yesica S\u00e1nchez Maya de Consorcio Oaxaca, quien adem\u00e1s record\u00f3 que desde septiembre pasado las organizaciones a favor de las mujeres sentenciaron la iniciativa de un grupo de diputadas de Morena para echar abajo el Decreto 1511 que obligaba a los ayuntamientos a cumplir con la paridad de g\u00e9nero para este 2023.<\/p>\n\n\n\n<p>Ahora, dijo, ese se\u00f1alamiento qued\u00f3 confirmado ante la sentencia de la SCJN que invalid\u00f3 el Decreto n\u00famero 698, publicado el 25 de octubre de 2022, que reform\u00f3 el reform\u00f3 el art\u00edculo transitorio tercero del Decreto n\u00famero 1511 en materia de paridad que prevenci\u00f3n atenci\u00f3n sanci\u00f3n y erradicaci\u00f3n de la violencia pol\u00edtica en raz\u00f3n de g\u00e9nero.<\/p>\n\n\n\n<p>Es decir, que dejaba sin efecto la inclusi\u00f3n obligatoria de las mujeres en los cabildos de manera igualitaria, lo cual deb\u00eda cumplirse para el a\u00f1o 2023.<\/p>\n\n\n\n<p>Consorcio Oaxaca apunt\u00f3 que esa reforma en septiembre de 2022 trajo como consecuencia que en algunos municipios ya no se incluyera a las mujeres en el proceso de elecci\u00f3n, lo que represent\u00f3 un retroceso, un ejemplo es Santa Cruz Zenzontepec, que pas\u00f3 de tener a tres funcionarias, incluyendo una S\u00edndica, a ninguna.<\/p>\n\n\n\n<p>En algunos municipios donde se&nbsp;impugnaron elecciones, y que el proceso sigue en curso, conf\u00edan en que las autoridades electorales resuelvan a favor de los derechos de las mujeres en cumplimiento de las leyes.<\/p>\n\n\n\n<p>\u201cEl Congreso quer\u00eda borrar de la historia a las mujeres en Oaxaca, pero nunca m\u00e1s vamos a sentarnos atr\u00e1s en las asambleas, no m\u00e1s cabildos sin mujeres, no vamos a retroceder\u201d, consignaron las defensoras.<\/p>\n\n\n\n<p>La SCJN concluy\u00f3 que el decreto impugnado por la 65 Legislatura \u201cfue emitido mientras se desarrollaban los procesos electorales ordinarios en 415 municipios regidos por sistemas normativos ind\u00edgenas, con lo que se contravino la disposici\u00f3n del art\u00edculo 105, fracci\u00f3n II, pen\u00faltimo p\u00e1rrafo, de la Constituci\u00f3n General, que se\u00f1ala que las leyes electorales federal y locales deber\u00e1n promulgarse y publicarse por lo menos noventa d\u00edas antes de que comience el proceso electoral en el que vayan a aplicarse, sin que durante \u00e9ste pueda haber modificaciones legales fundamentales\u201d.<\/p>\n\n\n\n<p>En consecuencia, y con el fin de dar certeza al proceso electoral, \u201cel Pleno decret\u00f3 la reviviscencia, es decir, el restablecimiento de la vigencia del texto del art\u00edculo tercero transitorio del Decreto n\u00famero 1511, a fin de mantener la obligaci\u00f3n en el sentido de que la paridad de g\u00e9nero en sistemas normativos internos o ind\u00edgenas se alcance en el presente a\u00f1o\u201d.<\/p>\n","protected":false},"excerpt":{"rendered":"<p>Yuridiana Sosa\/Zona Roja. Oaxaca de Ju\u00e1rez, Oax., a 15 de marzo de 2023.- Defensoras de&hellip;<\/p>\n","protected":false},"author":2,"featured_media":52852,"comment_status":"closed","ping_status":"open","sticky":false,"template":"","format":"standard","meta":{"_lmt_disableupdate":"","_lmt_disable":"","_jetpack_memberships_contains_paid_content":false,"footnotes":""},"categories":[109,47],"tags":[],"class_list":["post-52851","post","type-post","status-publish","format-standard","has-post-thumbnail","hentry","category-minuto-a-minuto","category-zona-gris"],"jetpack_featured_media_url":"https:\/\/zonaroja.com.mx\/wp-content\/uploads\/2023\/03\/Conferencia-de-prensa-asociaciones-civiles-caso-decreto-paridad.jpg","jetpack_sharing_enabled":true,"_links":{"self":[{"href":"https:\/\/zonaroja.com.mx\/index.php?rest_route=\/wp\/v2\/posts\/52851","targetHints":{"allow":["GET"]}}],"collection":[{"href":"https:\/\/zonaroja.com.mx\/index.php?rest_route=\/wp\/v2\/posts"}],"about":[{"href":"https:\/\/zonaroja.com.mx\/index.php?rest_route=\/wp\/v2\/types\/post"}],"author":[{"embeddable":true,"href":"https:\/\/zonaroja.com.mx\/index.php?rest_route=\/wp\/v2\/users\/2"}],"replies":[{"embeddable":true,"href":"https:\/\/zonaroja.com.mx\/index.php?rest_route=%2Fwp%2Fv2%2Fcomments&post=52851"}],"version-history":[{"count":1,"href":"https:\/\/zonaroja.com.mx\/index.php?rest_route=\/wp\/v2\/posts\/52851\/revisions"}],"predecessor-version":[{"id":52853,"href":"https:\/\/zonaroja.com.mx\/index.php?rest_route=\/wp\/v2\/posts\/52851\/revisions\/52853"}],"wp:featuredmedia":[{"embeddable":true,"href":"https:\/\/zonaroja.com.mx\/index.php?rest_route=\/wp\/v2\/media\/52852"}],"wp:attachment":[{"href":"https:\/\/zonaroja.com.mx\/index.php?rest_route=%2Fwp%2Fv2%2Fmedia&parent=52851"}],"wp:term":[{"taxonomy":"category","embeddable":true,"href":"https:\/\/zonaroja.com.mx\/index.php?rest_route=%2Fwp%2Fv2%2Fcategories&post=52851"},{"taxonomy":"post_tag","embeddable":true,"href":"https:\/\/zonaroja.com.mx\/index.php?rest_route=%2Fwp%2Fv2%2Ftags&post=52851"}],"curies":[{"name":"wp","href":"https:\/\/api.w.org\/{rel}","templated":true}]}}