{"id":52854,"date":"2023-03-16T11:47:00","date_gmt":"2023-03-16T17:47:00","guid":{"rendered":"http:\/\/www.zonaroja.com.mx\/?p=52854"},"modified":"2023-03-16T06:59:39","modified_gmt":"2023-03-16T12:59:39","slug":"oficializa-el-gobierno-federal-el-control-de-la-marina-al-corredor-interoceanico","status":"publish","type":"post","link":"https:\/\/zonaroja.com.mx\/?p=52854","title":{"rendered":"Oficializa el gobierno federal el control de la Marina al Corredor Interoce\u00e1nico"},"content":{"rendered":"\n<p>Redacci\u00f3n\/Zona Roja Cdmx.<\/p>\n\n\n\n<p>Ciudad de M\u00e9xico, a 16 de marzo de 2023.- Ya es oficial: la Secretar\u00eda de Marina (Semar) asume el control total del Corredor Interoce\u00e1nico Oaxaca-Veracruz, proyecto del Presidente Andr\u00e9s Manuel L\u00f3pez Obrador.<\/p>\n\n\n\n<p>Este mi\u00e9rcoles, el gobierno federal public\u00f3 en el Diario Oficial de la Federaci\u00f3n el decreto mediante el cual el Corredor Interoce\u00e1nico del Istmo de Tehuantepec (CIIT) queda adscrito a la Semar.<\/p>\n\n\n\n<p>De acuerdo con una publicaci\u00f3n del diario \u201cReforma\u201d, el CIIT fue creado por L\u00f3pez Obrador en junio de 2019, como un ente descentralizado no adscrito a una Secretar\u00eda de Estado, con la instrucci\u00f3n de concentrar a las administraciones portuarias de Coatzacoalcos y Salina Cruz, as\u00ed como a la paraestatal Ferrocarril del Istmo de Tehuantepec (FIT).<\/p>\n\n\n\n<p>Para finales de 2022, sin embargo, era claro que la Semar hab\u00eda quedado a cargo de todo el proyecto.<\/p>\n\n\n\n<p>Las dos administraciones portuarias fueron sectorizadas en esa dependencia el 2 de marzo de 2022, luego de la reforma legal que transfiri\u00f3 el control de los puertos a la Semar, y el 14 de octubre, el Presidente tambi\u00e9n orden\u00f3 enviar el FIT al sector coordinado por los marinos.<\/p>\n\n\n\n<p>El decreto original de creaci\u00f3n del CIIT contemplaba a los puertos de Coatzacoalcos y Salina Cruz, pero la nueva versi\u00f3n incluye los puertos de Dos Bocas y Puerto Chiapas, refiere el rotativo nacional.&nbsp;<\/p>\n\n\n\n<p>Adem\u00e1s, se agregan al CIIT las facultades de \u00abadquirir, desarrollar, fraccionar, comercializar, concesionar, adjudicar y, en su caso, enajenar los inmuebles que integran su patrimonio, que permita llevar a cabo el establecimiento de los polos de desarrollo para el bienestar, con base en las vocaciones productivas que se determinen para los pol\u00edgonos correspondientes de la regi\u00f3n del Istmo de Tehuantepec\u00bb.<\/p>\n\n\n\n<p>En la Junta de Gobierno del CIIT original participaban diez funcionarios de dependencias civiles, seis de ellos de la Secretar\u00eda de Hacienda y Cr\u00e9dito P\u00fablico, cuyo titular la presid\u00eda.<\/p>\n\n\n\n<p>La nueva Junta, en cambio, tiene ocho integrantes, solo uno de SHCP, y tres de ellos de la Semar, incluidos el Subjefe Operativo del Estado Mayor General, y el Titular de la Direcci\u00f3n General de Fomento y Administraci\u00f3n Portuaria, report\u00f3 el diario \u201cReforma\u00bb.<\/p>\n\n\n\n<p>A estas alturas, el CIIT, que tiene 110 empleados, solo controla dos proyectos de inversi\u00f3n: una nueva terminal petrolera y comercial en Salina Cruz, y nueva infraestructura portuaria en la Laguna de Pajaritos.<\/p>\n\n\n\n<p>La Semar, en cambio, est\u00e1 a cargo de las obras m\u00e1s importantes: la rehabilitaci\u00f3n de las l\u00edneas Z, FA y K del Ferrocarril del Istmo, as\u00ed como el Tren Dos Bocas y m\u00faltiples trabajos en los puertos de Coatzacoalcos y Salina Cruz, donde tambi\u00e9n controla las aduanas.<\/p>\n\n\n\n<p>Tan s\u00f3lo la rehabilitaci\u00f3n de las l\u00edneas FA y K, de 328 y 459 kil\u00f3metros de recorrido en Veracruz, Oaxaca y Chiapas, implican contratos por unos 40 mil millones de pesos, que abarcan 21 estaciones y 615 puentes.<\/p>\n\n\n\n<p>(Con informaci\u00f3n del diario \u201cReforma\u201d)<\/p>\n","protected":false},"excerpt":{"rendered":"<p>Redacci\u00f3n\/Zona Roja Cdmx. Ciudad de M\u00e9xico, a 16 de marzo de 2023.- Ya es oficial:&hellip;<\/p>\n","protected":false},"author":2,"featured_media":52863,"comment_status":"closed","ping_status":"open","sticky":false,"template":"","format":"standard","meta":{"_lmt_disableupdate":"","_lmt_disable":"","_jetpack_memberships_contains_paid_content":false,"footnotes":""},"categories":[109,47],"tags":[2917],"class_list":["post-52854","post","type-post","status-publish","format-standard","has-post-thumbnail","hentry","category-minuto-a-minuto","category-zona-gris","tag-corredor-interoceanico-oaxaca"],"jetpack_featured_media_url":"https:\/\/zonaroja.com.mx\/wp-content\/uploads\/2023\/03\/Corredor-Interoceanico-Istmo.jpg","jetpack_sharing_enabled":true,"_links":{"self":[{"href":"https:\/\/zonaroja.com.mx\/index.php?rest_route=\/wp\/v2\/posts\/52854","targetHints":{"allow":["GET"]}}],"collection":[{"href":"https:\/\/zonaroja.com.mx\/index.php?rest_route=\/wp\/v2\/posts"}],"about":[{"href":"https:\/\/zonaroja.com.mx\/index.php?rest_route=\/wp\/v2\/types\/post"}],"author":[{"embeddable":true,"href":"https:\/\/zonaroja.com.mx\/index.php?rest_route=\/wp\/v2\/users\/2"}],"replies":[{"embeddable":true,"href":"https:\/\/zonaroja.com.mx\/index.php?rest_route=%2Fwp%2Fv2%2Fcomments&post=52854"}],"version-history":[{"count":1,"href":"https:\/\/zonaroja.com.mx\/index.php?rest_route=\/wp\/v2\/posts\/52854\/revisions"}],"predecessor-version":[{"id":52864,"href":"https:\/\/zonaroja.com.mx\/index.php?rest_route=\/wp\/v2\/posts\/52854\/revisions\/52864"}],"wp:featuredmedia":[{"embeddable":true,"href":"https:\/\/zonaroja.com.mx\/index.php?rest_route=\/wp\/v2\/media\/52863"}],"wp:attachment":[{"href":"https:\/\/zonaroja.com.mx\/index.php?rest_route=%2Fwp%2Fv2%2Fmedia&parent=52854"}],"wp:term":[{"taxonomy":"category","embeddable":true,"href":"https:\/\/zonaroja.com.mx\/index.php?rest_route=%2Fwp%2Fv2%2Fcategories&post=52854"},{"taxonomy":"post_tag","embeddable":true,"href":"https:\/\/zonaroja.com.mx\/index.php?rest_route=%2Fwp%2Fv2%2Ftags&post=52854"}],"curies":[{"name":"wp","href":"https:\/\/api.w.org\/{rel}","templated":true}]}}