{"id":52870,"date":"2023-03-16T07:21:14","date_gmt":"2023-03-16T13:21:14","guid":{"rendered":"http:\/\/www.zonaroja.com.mx\/?p=52870"},"modified":"2023-03-16T07:21:16","modified_gmt":"2023-03-16T13:21:16","slug":"vinculan-a-proceso-y-dictan-prision-a-ex-funcionario-de-alejandro-murat","status":"publish","type":"post","link":"https:\/\/zonaroja.com.mx\/?p=52870","title":{"rendered":"Vinculan a proceso y dictan prisi\u00f3n a ex funcionario de Alejandro Murat"},"content":{"rendered":"\n<p>Redacci\u00f3n\/Zona Roja.<\/p>\n\n\n\n<p>Oaxaca de Ju\u00e1rez, Oax., a 16 de marzo de 2023.- Luego de las pruebas presentadas por la Fiscal\u00eda General del Estado de Oaxaca, un juez de control del Poder Judicial del Estado decret\u00f3 vinculaci\u00f3n a proceso y prisi\u00f3n preventiva en contra de Jorge Armando Z. M., quien fuera director del Instituto Catastral en el sexenio del priista Alejandro Murat Hinojosa.<\/p>\n\n\n\n<p>Ayer se llev\u00f3 a cabo la audiencia en la sede del Juzgado de Control de Valles Centrales ubicada en San Francisco Tanivet, Tlacolula, en que se tom\u00f3 la determinaci\u00f3n bajo el cargo de ejercicio il\u00edcito de la funci\u00f3n p\u00fablica.<\/p>\n\n\n\n<p>Jorge Armando Z. M. fue detenido el pasado jueves 9 de marzo por elementos de la Agencia Estatal de Investigaciones (AEI), de la Fiscal\u00eda General del Estado.<\/p>\n\n\n\n<p>De acuerdo con detalles del caso, habr\u00eda sustra\u00eddo por lo menos cuatro expedientes registrales, que conten\u00edan datos confidenciales de due\u00f1os de inmuebles que se presume pretend\u00edan despojar con el \u201cC\u00e1rtel del despojo\u201d, integrado por instancias p\u00fablicas.<\/p>\n\n\n\n<p>El ex funcionario del gobierno de Alejandro Murat permanecer\u00e1 en prisi\u00f3n preventiva en tanto contin\u00faa el juicio.<\/p>\n\n\n\n<p>De acuerdo con el C\u00f3digo Penal del Estado de Oaxaca, si el ex servidor p\u00fablico es hallado culpable del delito que se le imputa, podr\u00eda ser sentenciado a entre dos y siete a\u00f1os de prisi\u00f3n.<\/p>\n\n\n\n<p>Jorge Armando Z\u00e1rate Medina es hijo de Jorge Z\u00e1rate, quien durante el sexenio de Jos\u00e9 Murat fungi\u00f3 c\u00f3mo director del Registro Civil.<\/p>\n","protected":false},"excerpt":{"rendered":"<p>Redacci\u00f3n\/Zona Roja. Oaxaca de Ju\u00e1rez, Oax., a 16 de marzo de 2023.- Luego de las&hellip;<\/p>\n","protected":false},"author":2,"featured_media":52638,"comment_status":"closed","ping_status":"open","sticky":false,"template":"","format":"standard","meta":{"_lmt_disableupdate":"","_lmt_disable":"","_jetpack_memberships_contains_paid_content":false,"footnotes":""},"categories":[109,47],"tags":[1736],"class_list":["post-52870","post","type-post","status-publish","format-standard","has-post-thumbnail","hentry","category-minuto-a-minuto","category-zona-gris","tag-jorge-zarate-medina"],"jetpack_featured_media_url":"https:\/\/zonaroja.com.mx\/wp-content\/uploads\/2023\/03\/Jorge-Armando-Zarate-Medina.webp","jetpack_sharing_enabled":true,"_links":{"self":[{"href":"https:\/\/zonaroja.com.mx\/index.php?rest_route=\/wp\/v2\/posts\/52870","targetHints":{"allow":["GET"]}}],"collection":[{"href":"https:\/\/zonaroja.com.mx\/index.php?rest_route=\/wp\/v2\/posts"}],"about":[{"href":"https:\/\/zonaroja.com.mx\/index.php?rest_route=\/wp\/v2\/types\/post"}],"author":[{"embeddable":true,"href":"https:\/\/zonaroja.com.mx\/index.php?rest_route=\/wp\/v2\/users\/2"}],"replies":[{"embeddable":true,"href":"https:\/\/zonaroja.com.mx\/index.php?rest_route=%2Fwp%2Fv2%2Fcomments&post=52870"}],"version-history":[{"count":1,"href":"https:\/\/zonaroja.com.mx\/index.php?rest_route=\/wp\/v2\/posts\/52870\/revisions"}],"predecessor-version":[{"id":52871,"href":"https:\/\/zonaroja.com.mx\/index.php?rest_route=\/wp\/v2\/posts\/52870\/revisions\/52871"}],"wp:featuredmedia":[{"embeddable":true,"href":"https:\/\/zonaroja.com.mx\/index.php?rest_route=\/wp\/v2\/media\/52638"}],"wp:attachment":[{"href":"https:\/\/zonaroja.com.mx\/index.php?rest_route=%2Fwp%2Fv2%2Fmedia&parent=52870"}],"wp:term":[{"taxonomy":"category","embeddable":true,"href":"https:\/\/zonaroja.com.mx\/index.php?rest_route=%2Fwp%2Fv2%2Fcategories&post=52870"},{"taxonomy":"post_tag","embeddable":true,"href":"https:\/\/zonaroja.com.mx\/index.php?rest_route=%2Fwp%2Fv2%2Ftags&post=52870"}],"curies":[{"name":"wp","href":"https:\/\/api.w.org\/{rel}","templated":true}]}}