{"id":52879,"date":"2023-03-16T09:59:00","date_gmt":"2023-03-16T15:59:00","guid":{"rendered":"http:\/\/www.zonaroja.com.mx\/?p=52879"},"modified":"2023-03-16T08:00:17","modified_gmt":"2023-03-16T14:00:17","slug":"confirma-la-segob-el-ejercito-ejecutaron-a-cinco-jovenes-en-tamaulipas","status":"publish","type":"post","link":"https:\/\/zonaroja.com.mx\/?p=52879","title":{"rendered":"Confirma la Segob: el Ej\u00e9rcito ejecutaron a cinco j\u00f3venes en Tamaulipas"},"content":{"rendered":"\n<p>Redacci\u00f3n\/Zona Roja Cdmx.<\/p>\n\n\n\n<p>Ciudad de M\u00e9xico, a 18 de marzo de 2023.- Existen elementos suficientes para asegurar que los j\u00f3venes asesinados en Nuevo Laredo fueron ejecutados por el Ej\u00e9rcito, afirm\u00f3 Alejandro Encinas, subsecretario de Derechos Humanos de la Secretar\u00eda de Gobernaci\u00f3n.<\/p>\n\n\n\n<p>El funcionario agreg\u00f3 que aunque faltan los resultados de las investigaciones de la Comisi\u00f3n Nacional de Derechos Humanos (CNDH), se presume que las cinco personas iban desarmadas.<\/p>\n\n\n\n<p>\u201cTenemos que esperar la investigaci\u00f3n que se le solicit\u00f3 a la CNDH, toda vez que no se trat\u00f3 de un enfrentamiento con los j\u00f3venes. Independientemente de qui\u00e9nes eran, fueron ejecutados. Esperemos la conclusi\u00f3n de la investigaci\u00f3n para dar cuenta de qu\u00e9 pas\u00f3, evidentemente hay elementos para acreditar que los j\u00f3venes no iban armados y que no hab\u00eda enfrentamiento\u201d, afirm\u00f3.<\/p>\n\n\n\n<p>Fue el 26 de febrero cuando Gustavo P\u00e9rez Beriles, Wilberto Mata Estrada, Jonathan Aguilar S\u00e1nchez, Alejandro Trujillo Rocha y Gustavo \u00c1ngel Su\u00e1rez Castillo fueron asesinados en Nuevo Laredo, Tamaulipas, en un encuentro que tuvieron con elementos de la Secretar\u00eda de la Defensa Nacional.<\/p>\n\n\n\n<p>Encinas coment\u00f3 que los elementos del Ej\u00e9rcito tienen \u201ctodos tienen derechos, pero quien infringe la ley y comete delitos debe cumplir con su responsabilidad\u201d.<\/p>\n\n\n\n<p>Luego de una reuni\u00f3n con legisladores de la Comisi\u00f3n de Derechos Humanos, demand\u00f3 tambi\u00e9n que \u201cla investigaci\u00f3n debe de abordar la responsabilidad de la cadena de mando en este operativo, no solamente el actuar de los elementos de las Fuerzas Armadas\u201d.<\/p>\n\n\n\n<p>M\u00e1s temprano, el presidente Andr\u00e9s Manuel L\u00f3pez Obrador pidi\u00f3 \u201cconfianza\u201d a los familiares de los militares detenidos por los hechos en Nuevo Laredo.<\/p>\n\n\n\n<p>\u201cActuamos siempre con apego a la legalidad y la justicia. Que tengan confianza, si sus familiares son inocentes y no cometieron ning\u00fan delito van a ser atendidos, escuchados y si est\u00e1n en la c\u00e1rcel, liberados. No fabricamos delitos\u201d, asegur\u00f3.<\/p>\n\n\n\n<p>El domingo pasado, cientos de personas marcharon en distintas ciudades de la Rep\u00fablica Mexicana, exigiendo un alto \u201ca los abusos\u201d cometidos hacia los miembros de las Fuerzas Armadas.<\/p>\n\n\n\n<p>El presidente L\u00f3pez Obrador previamente hab\u00eda descalificado las manifestaciones, insinuando que pod\u00edan estar promovidas por la delincuencia organizada.<\/p>\n\n\n\n<p>\u201cAprovecho para informar de que esa marcha que est\u00e1n convocando tiene prop\u00f3sitos nada justos, sanos, que supuestamente es para defender al Ej\u00e9rcito. Que nadie se deje enga\u00f1ar\u201d, dijo el 10 de marzo.<\/p>\n\n\n\n<p>(Informaci\u00f3n de \u201cEl Financiero\u201d)<\/p>\n","protected":false},"excerpt":{"rendered":"<p>Redacci\u00f3n\/Zona Roja Cdmx. Ciudad de M\u00e9xico, a 18 de marzo de 2023.- Existen elementos suficientes&hellip;<\/p>\n","protected":false},"author":2,"featured_media":52278,"comment_status":"closed","ping_status":"open","sticky":false,"template":"","format":"standard","meta":{"_lmt_disableupdate":"","_lmt_disable":"","_jetpack_memberships_contains_paid_content":false,"footnotes":""},"categories":[109,47],"tags":[2771],"class_list":["post-52879","post","type-post","status-publish","format-standard","has-post-thumbnail","hentry","category-minuto-a-minuto","category-zona-gris","tag-masacre-tamaulipas"],"jetpack_featured_media_url":"https:\/\/zonaroja.com.mx\/wp-content\/uploads\/2023\/03\/Matanza-Ejercito-Nuevo-Laredo.webp","jetpack_sharing_enabled":true,"_links":{"self":[{"href":"https:\/\/zonaroja.com.mx\/index.php?rest_route=\/wp\/v2\/posts\/52879","targetHints":{"allow":["GET"]}}],"collection":[{"href":"https:\/\/zonaroja.com.mx\/index.php?rest_route=\/wp\/v2\/posts"}],"about":[{"href":"https:\/\/zonaroja.com.mx\/index.php?rest_route=\/wp\/v2\/types\/post"}],"author":[{"embeddable":true,"href":"https:\/\/zonaroja.com.mx\/index.php?rest_route=\/wp\/v2\/users\/2"}],"replies":[{"embeddable":true,"href":"https:\/\/zonaroja.com.mx\/index.php?rest_route=%2Fwp%2Fv2%2Fcomments&post=52879"}],"version-history":[{"count":1,"href":"https:\/\/zonaroja.com.mx\/index.php?rest_route=\/wp\/v2\/posts\/52879\/revisions"}],"predecessor-version":[{"id":52880,"href":"https:\/\/zonaroja.com.mx\/index.php?rest_route=\/wp\/v2\/posts\/52879\/revisions\/52880"}],"wp:featuredmedia":[{"embeddable":true,"href":"https:\/\/zonaroja.com.mx\/index.php?rest_route=\/wp\/v2\/media\/52278"}],"wp:attachment":[{"href":"https:\/\/zonaroja.com.mx\/index.php?rest_route=%2Fwp%2Fv2%2Fmedia&parent=52879"}],"wp:term":[{"taxonomy":"category","embeddable":true,"href":"https:\/\/zonaroja.com.mx\/index.php?rest_route=%2Fwp%2Fv2%2Fcategories&post=52879"},{"taxonomy":"post_tag","embeddable":true,"href":"https:\/\/zonaroja.com.mx\/index.php?rest_route=%2Fwp%2Fv2%2Ftags&post=52879"}],"curies":[{"name":"wp","href":"https:\/\/api.w.org\/{rel}","templated":true}]}}