{"id":52881,"date":"2023-03-16T11:00:00","date_gmt":"2023-03-16T17:00:00","guid":{"rendered":"http:\/\/www.zonaroja.com.mx\/?p=52881"},"modified":"2023-03-16T08:17:27","modified_gmt":"2023-03-16T14:17:27","slug":"karateca-oaxaquena-busca-apoyo-para-asistir-a-competencia-en-estados-unidos","status":"publish","type":"post","link":"https:\/\/zonaroja.com.mx\/?p=52881","title":{"rendered":"Karateca oaxaque\u00f1a busca apoyo para asistir a competencia en Estados Unidos"},"content":{"rendered":"\n<p>Yuridiana Sosa\/Zona Roja.<\/p>\n\n\n\n<p>Oaxaca de Ju\u00e1rez, Oax., a 16 de marzo de 2023.- Los \u00e9xitos en cada combate llevaron a Isabella Nicole Avellaneda Ramos, de 15 a\u00f1os de edad, a ganarse un lugar para participar en el Open &amp; Junior International Cup, en Las Vegas, Nevada, en Estados Unidos, a celebrarse en abril, pero para llegar, buscar apoyo de la sociedad a falta de apoyo institucional.<\/p>\n\n\n\n<p>La adolescente, estudiante de la Secundaria T\u00e9cnica 6 de la ciudad de Oaxaca, realiza diversas actividades y venta de productos para recaudar recursos econ\u00f3micos y cumplir el sue\u00f1o de estar en una competencia internacional representando a su estado y pa\u00eds.<\/p>\n\n\n\n<p>Con sus medallas colgadas a su cuello, la joven, quien tambi\u00e9n se prepara para asistir a los Juegos Panamericanos, pidi\u00f3 el apoyo de la sociedad para acudir a uno de los espacios m\u00e1s importantes para este deporte, al cual se ha dedicado desde los 10 a\u00f1os, logrando en los \u00faltimos a\u00f1os m\u00faltiples medallas de oro.<\/p>\n\n\n\n<p>El Open de las Vegas se llevar\u00e1 a cabo del 7 al 9 de abril, por lo que es importante llegar a la meta lo antes posible, y es que hasta ahora ninguna instituci\u00f3n gubernamental se ha interesado en apoyarla.<\/p>\n\n\n\n<p>Durante su vida como competidora sus padres han cubierto los gastos necesarios para que asista a los torneos dentro del pa\u00eds, pero ahora, un viaje al extranjero sobrepasa sus posibilidades.<\/p>\n\n\n\n<p>Avellaneda Ramos gan\u00f3 el fin de semana pasado el oro durante la etapa estatal de los Juegos Nacionales Conade 2023, por lo que clasific\u00f3 a los Macro Regionales.<\/p>\n\n\n\n<p>Un mes antes, form\u00f3 parte del Campeonato Nacional Selectivo, donde obtuvo el oro y su pase al Open de Las Vegas, Nevada.<\/p>\n\n\n\n<p>Durante el 2022 tambi\u00e9n fue medallista como seleccionada estatal, logrando un lugar para los Juegos Nacionales.<\/p>\n\n\n\n<p>Los interesados en apoyar pueden contactarla a trav\u00e9s de su p\u00e1gina de Facebook, Isa Avellaneda &#8211; karate do o al tel\u00e9fono 951-127-33-69.<\/p>\n\n\n\n<figure class=\"wp-block-embed is-type-rich is-provider-twitter wp-block-embed-twitter\"><div class=\"wp-block-embed__wrapper\">\n<div class=\"twitter-tweet\"><blockquote class=\"twitter-tweet\" data-lang=\"es\"><p lang=\"es\" dir=\"ltr\">\u00a1Ayudemos! Ella es Isabella Nicole Avellaneda Ramos, de 15 a\u00f1os de edad, estudiante de la Secundaria T\u00e9cnica 6 de la ciudad de Oaxaca.<br>Exitosa karateca que busca apoyo para acudir a un torneo en Estados Unidos. <br>A falta de ayuda de las instituciones, requiere de la sociedad: <a href=\"https:\/\/t.co\/5Jnn9ISFBd\">pic.twitter.com\/5Jnn9ISFBd<\/a><\/p>&mdash; Zona Roja Oaxaca (@ZonaRoja_Oaxaca) <a href=\"https:\/\/twitter.com\/ZonaRoja_Oaxaca\/status\/1636130362752659456?ref_src=twsrc%5Etfw\">15 de marzo de 2023<\/a><\/blockquote><\/div>\n<\/div><\/figure>\n","protected":false},"excerpt":{"rendered":"<p>Yuridiana Sosa\/Zona Roja. Oaxaca de Ju\u00e1rez, Oax., a 16 de marzo de 2023.- Los \u00e9xitos&hellip;<\/p>\n","protected":false},"author":2,"featured_media":52883,"comment_status":"closed","ping_status":"open","sticky":false,"template":"","format":"standard","meta":{"_lmt_disableupdate":"","_lmt_disable":"","_jetpack_memberships_contains_paid_content":false,"footnotes":""},"categories":[109,46],"tags":[3465],"class_list":["post-52881","post","type-post","status-publish","format-standard","has-post-thumbnail","hentry","category-minuto-a-minuto","category-zona-blanca","tag-isabella-nicole-avellaneda-ramos"],"jetpack_featured_media_url":"https:\/\/zonaroja.com.mx\/wp-content\/uploads\/2023\/03\/Isabella-Nivole-Avellaneda-karate.jpg","jetpack_sharing_enabled":true,"_links":{"self":[{"href":"https:\/\/zonaroja.com.mx\/index.php?rest_route=\/wp\/v2\/posts\/52881","targetHints":{"allow":["GET"]}}],"collection":[{"href":"https:\/\/zonaroja.com.mx\/index.php?rest_route=\/wp\/v2\/posts"}],"about":[{"href":"https:\/\/zonaroja.com.mx\/index.php?rest_route=\/wp\/v2\/types\/post"}],"author":[{"embeddable":true,"href":"https:\/\/zonaroja.com.mx\/index.php?rest_route=\/wp\/v2\/users\/2"}],"replies":[{"embeddable":true,"href":"https:\/\/zonaroja.com.mx\/index.php?rest_route=%2Fwp%2Fv2%2Fcomments&post=52881"}],"version-history":[{"count":1,"href":"https:\/\/zonaroja.com.mx\/index.php?rest_route=\/wp\/v2\/posts\/52881\/revisions"}],"predecessor-version":[{"id":52884,"href":"https:\/\/zonaroja.com.mx\/index.php?rest_route=\/wp\/v2\/posts\/52881\/revisions\/52884"}],"wp:featuredmedia":[{"embeddable":true,"href":"https:\/\/zonaroja.com.mx\/index.php?rest_route=\/wp\/v2\/media\/52883"}],"wp:attachment":[{"href":"https:\/\/zonaroja.com.mx\/index.php?rest_route=%2Fwp%2Fv2%2Fmedia&parent=52881"}],"wp:term":[{"taxonomy":"category","embeddable":true,"href":"https:\/\/zonaroja.com.mx\/index.php?rest_route=%2Fwp%2Fv2%2Fcategories&post=52881"},{"taxonomy":"post_tag","embeddable":true,"href":"https:\/\/zonaroja.com.mx\/index.php?rest_route=%2Fwp%2Fv2%2Ftags&post=52881"}],"curies":[{"name":"wp","href":"https:\/\/api.w.org\/{rel}","templated":true}]}}