{"id":52889,"date":"2023-03-16T18:03:44","date_gmt":"2023-03-17T00:03:44","guid":{"rendered":"http:\/\/www.zonaroja.com.mx\/?p=52889"},"modified":"2023-03-16T18:03:46","modified_gmt":"2023-03-17T00:03:46","slug":"insiste-neri-que-es-necesario-el-uso-de-policias-en-operativo-contra-ambulantes","status":"publish","type":"post","link":"https:\/\/zonaroja.com.mx\/?p=52889","title":{"rendered":"Insiste Neri que es necesario el uso de polic\u00edas en operativo contra ambulantes&nbsp;"},"content":{"rendered":"\n<p>Yuridiana Sosa\/Zona Roja.<\/p>\n\n\n\n<p>Oaxaca de Ju\u00e1rez, Oax., a 16 de marzo de 2023.- A la presencia permanente de la Polic\u00eda Municipal en los operativos para el retiro de vendedores en la v\u00eda p\u00fablica en la capital, el presidente de Oaxaca de Ju\u00e1rez, Francisco Mart\u00ednez Neri, asever\u00f3 que es necesaria para la seguridad de los inspectores ante el control y poder de algunos grupos que lideran a los ambulantes.<\/p>\n\n\n\n<p>As\u00ed lo manifest\u00f3 en entrevista colectiva, tras el m\u00e1s reciente hecho durante la ma\u00f1ana de este jueves cuando m\u00e1s de una centenar de elementos policiales particip\u00f3 en el intento de desalojo de comerciantes de inmediaciones del Jard\u00edn \u00abSan Francisco\u00bb, en su mayor\u00eda adheridos a la Confederaci\u00f3n Libertad de Trabajadores de M\u00e9xico.<\/p>\n\n\n\n<p>\u201cLos grupos que controlan el comercio ambulante, son fuertes, son amplios, y evidentemente que los inspectores requieren de la cobertura de la polic\u00eda, de otra manera ser\u00eda imposible\u201d, justific\u00f3 el edil, a pesar que con esta asignaci\u00f3n se desprotege la seguridad ciudadana.<\/p>\n\n\n\n<p>Sin precisar el nombre de los grupos, el presidente enfatiz\u00f3 que son diferentes, algunos act\u00faan de forma pac\u00edfica, pero otros usan la fuerza.<\/p>\n\n\n\n<figure class=\"wp-block-embed is-type-rich is-provider-twitter wp-block-embed-twitter\"><div class=\"wp-block-embed__wrapper\">\n<div class=\"twitter-tweet\"><blockquote class=\"twitter-tweet\" data-lang=\"es\"><p lang=\"es\" dir=\"ltr\">\u201cLos grupos que controlan el comercio ambulante, son fuertes, son amplios, y evidentemente que los inspectores requieren de la cobertura de la polic\u00eda\u201d, justific\u00f3 hoy el edil del <a href=\"https:\/\/twitter.com\/MunicipioOaxaca?ref_src=twsrc%5Etfw\">@MunicipioOaxaca<\/a>, <a href=\"https:\/\/twitter.com\/FMartinezNeri?ref_src=twsrc%5Etfw\">@FMartinezNeri<\/a>, respecto al uso de la fuerza p\u00fablica contra los comerciantes: <a href=\"https:\/\/t.co\/s6pv8sGIvW\">pic.twitter.com\/s6pv8sGIvW<\/a><\/p>&mdash; Zona Roja Oaxaca (@ZonaRoja_Oaxaca) <a href=\"https:\/\/twitter.com\/ZonaRoja_Oaxaca\/status\/1636467122179313664?ref_src=twsrc%5Etfw\">16 de marzo de 2023<\/a><\/blockquote><\/div>\n<\/div><\/figure>\n\n\n\n<p>As\u00ed como neg\u00f3 que los inspectores comentan abuso o violencia contra los vendedores, pues de ser as\u00ed los mismos afectados responder\u00edan de inmediato contra el servidor p\u00fablico.<\/p>\n\n\n\n<p>SIN TOLERANCIA<\/p>\n\n\n\n<p>El edil enfatiz\u00f3 que no habr\u00e1 tolerancia a la proliferaci\u00f3n del comercio ambulante en la capital, pues adem\u00e1s que varios no cuentan con permisos para su venta, la ciudadan\u00eda reclama no m\u00e1s puestos ambulantes que afecten al peat\u00f3n y a las personas con discapacidad.<\/p>\n\n\n\n<p>Como medida alterna, dijo, el ayuntamiento ha optado por la reubicaci\u00f3n a un nuevo espacio particular denominado Mercado \u201cHermanos Flores Mag\u00f3n\u201d, en la calle Armenta y L\u00f3pez, en el Centro Hist\u00f3rico.<\/p>\n\n\n\n<p>Reconoci\u00f3 que el espacio, que albergar\u00eda unos 80 puestos, a\u00fan no cuenta con todas las condiciones para su funcionamiento, pero para eso se adecuar\u00eda, as\u00ed como el gobierno municipal absorber\u00eda la renta total, que va de los 30 mil a los 40 mil pesos.Sobre el censo, dijo que la Secretar\u00eda de Gobernaci\u00f3n sigue trabajando en eso, pero celebr\u00f3 que el el ayuntamiento ha logrado la reducci\u00f3n de varios puestos sin permiso, como los que se ubicaban en la calle de Reforma, al inicio de su administraci\u00f3n.&nbsp;<\/p>\n","protected":false},"excerpt":{"rendered":"<p>Yuridiana Sosa\/Zona Roja. Oaxaca de Ju\u00e1rez, Oax., a 16 de marzo de 2023.- A la&hellip;<\/p>\n","protected":false},"author":2,"featured_media":52890,"comment_status":"closed","ping_status":"open","sticky":false,"template":"","format":"standard","meta":{"_lmt_disableupdate":"","_lmt_disable":"","_jetpack_memberships_contains_paid_content":false,"footnotes":""},"categories":[109,47],"tags":[2418],"class_list":["post-52889","post","type-post","status-publish","format-standard","has-post-thumbnail","hentry","category-minuto-a-minuto","category-zona-gris","tag-francisco-martinez-neri"],"jetpack_featured_media_url":"https:\/\/zonaroja.com.mx\/wp-content\/uploads\/2023\/03\/Ambulantes-ciudad-de-Oaxaca-Neri.jpg","jetpack_sharing_enabled":true,"_links":{"self":[{"href":"https:\/\/zonaroja.com.mx\/index.php?rest_route=\/wp\/v2\/posts\/52889","targetHints":{"allow":["GET"]}}],"collection":[{"href":"https:\/\/zonaroja.com.mx\/index.php?rest_route=\/wp\/v2\/posts"}],"about":[{"href":"https:\/\/zonaroja.com.mx\/index.php?rest_route=\/wp\/v2\/types\/post"}],"author":[{"embeddable":true,"href":"https:\/\/zonaroja.com.mx\/index.php?rest_route=\/wp\/v2\/users\/2"}],"replies":[{"embeddable":true,"href":"https:\/\/zonaroja.com.mx\/index.php?rest_route=%2Fwp%2Fv2%2Fcomments&post=52889"}],"version-history":[{"count":1,"href":"https:\/\/zonaroja.com.mx\/index.php?rest_route=\/wp\/v2\/posts\/52889\/revisions"}],"predecessor-version":[{"id":52891,"href":"https:\/\/zonaroja.com.mx\/index.php?rest_route=\/wp\/v2\/posts\/52889\/revisions\/52891"}],"wp:featuredmedia":[{"embeddable":true,"href":"https:\/\/zonaroja.com.mx\/index.php?rest_route=\/wp\/v2\/media\/52890"}],"wp:attachment":[{"href":"https:\/\/zonaroja.com.mx\/index.php?rest_route=%2Fwp%2Fv2%2Fmedia&parent=52889"}],"wp:term":[{"taxonomy":"category","embeddable":true,"href":"https:\/\/zonaroja.com.mx\/index.php?rest_route=%2Fwp%2Fv2%2Fcategories&post=52889"},{"taxonomy":"post_tag","embeddable":true,"href":"https:\/\/zonaroja.com.mx\/index.php?rest_route=%2Fwp%2Fv2%2Ftags&post=52889"}],"curies":[{"name":"wp","href":"https:\/\/api.w.org\/{rel}","templated":true}]}}