{"id":52892,"date":"2023-03-16T19:57:28","date_gmt":"2023-03-17T01:57:28","guid":{"rendered":"http:\/\/www.zonaroja.com.mx\/?p=52892"},"modified":"2023-03-16T19:57:31","modified_gmt":"2023-03-17T01:57:31","slug":"jueves-de-roja-primavera-seis-asesinados-en-oaxaca","status":"publish","type":"post","link":"https:\/\/zonaroja.com.mx\/?p=52892","title":{"rendered":"Jueves de \u201croja primavera\u201d: seis asesinados en Oaxaca"},"content":{"rendered":"\n<p>Ismael Garc\u00eda M.\/Zona Roja.<\/p>\n\n\n\n<p>Oaxaca de Ju\u00e1rez, Oax., a 16 de marzo de 2023.- Mientras el gobernador Salom\u00f3n Jara Cruz firmaba este jueves un convenio de seguridad en el estado de Guerrero, en Oaxaca asesinaron a seis personas, dos de ellas en la regi\u00f3n Costa y cuatro en la Cuenca del Papaloapan.<\/p>\n\n\n\n<p>Esta tarde, en la localidad de Isla M\u00e1lzaga, del municipio de San Miguel Soyaltepec, cuatro personas fueron masacradas a balazos y un menor de edad logr\u00f3 salvarse.<\/p>\n\n\n\n<p>Sujetos armados, embozados y con armas de grueso calibre, atacaron a un grupo de personas en un predio de siembra, donde murieron cuatro personas, a\u00fan no identificadas, y una m\u00e1s result\u00f3 lesionada.<\/p>\n\n\n\n<p>Tambi\u00e9n esta tarde pero en el destino tur\u00edstico de Puerto Escondido, agencia de San Pedro Mixtepec, ocupantes de una unidad de motor marca Volkswagen, tipo Jetta, con placas de circulaci\u00f3n TMU-2991, fueron atacados a balazos, en la calle Lomas Verdes.<\/p>\n\n\n\n<p>Como resultado de ello, una persona del sexo masculino perdi\u00f3 la vida y una mujer resulto lesionada de gravedad; ambos no han sido identificados.<\/p>\n\n\n\n<p>En tanto que por la ma\u00f1ana, en San Pedro Pochutla, en inmediaciones de una pista a\u00e9rea, fue hallado el cuerpo sin vida de un individuo.<\/p>\n\n\n\n<p>Presenta lesiones producidas por arma blanca y hasta el momento no ha sido identificado legalmente; se calcula que tiene aproximadamente 20 a\u00f1os de edad.<\/p>\n","protected":false},"excerpt":{"rendered":"<p>Ismael Garc\u00eda M.\/Zona Roja. Oaxaca de Ju\u00e1rez, Oax., a 16 de marzo de 2023.- Mientras&hellip;<\/p>\n","protected":false},"author":2,"featured_media":52894,"comment_status":"closed","ping_status":"open","sticky":false,"template":"","format":"standard","meta":{"_lmt_disableupdate":"","_lmt_disable":"","_jetpack_memberships_contains_paid_content":false,"footnotes":""},"categories":[109,51],"tags":[1037],"class_list":["post-52892","post","type-post","status-publish","format-standard","has-post-thumbnail","hentry","category-minuto-a-minuto","category-zona-roja","tag-san-miguel-soyaltepec"],"jetpack_featured_media_url":"https:\/\/zonaroja.com.mx\/wp-content\/uploads\/2023\/03\/Asesinado-Puerto-Escondido.jpeg","jetpack_sharing_enabled":true,"_links":{"self":[{"href":"https:\/\/zonaroja.com.mx\/index.php?rest_route=\/wp\/v2\/posts\/52892","targetHints":{"allow":["GET"]}}],"collection":[{"href":"https:\/\/zonaroja.com.mx\/index.php?rest_route=\/wp\/v2\/posts"}],"about":[{"href":"https:\/\/zonaroja.com.mx\/index.php?rest_route=\/wp\/v2\/types\/post"}],"author":[{"embeddable":true,"href":"https:\/\/zonaroja.com.mx\/index.php?rest_route=\/wp\/v2\/users\/2"}],"replies":[{"embeddable":true,"href":"https:\/\/zonaroja.com.mx\/index.php?rest_route=%2Fwp%2Fv2%2Fcomments&post=52892"}],"version-history":[{"count":1,"href":"https:\/\/zonaroja.com.mx\/index.php?rest_route=\/wp\/v2\/posts\/52892\/revisions"}],"predecessor-version":[{"id":52895,"href":"https:\/\/zonaroja.com.mx\/index.php?rest_route=\/wp\/v2\/posts\/52892\/revisions\/52895"}],"wp:featuredmedia":[{"embeddable":true,"href":"https:\/\/zonaroja.com.mx\/index.php?rest_route=\/wp\/v2\/media\/52894"}],"wp:attachment":[{"href":"https:\/\/zonaroja.com.mx\/index.php?rest_route=%2Fwp%2Fv2%2Fmedia&parent=52892"}],"wp:term":[{"taxonomy":"category","embeddable":true,"href":"https:\/\/zonaroja.com.mx\/index.php?rest_route=%2Fwp%2Fv2%2Fcategories&post=52892"},{"taxonomy":"post_tag","embeddable":true,"href":"https:\/\/zonaroja.com.mx\/index.php?rest_route=%2Fwp%2Fv2%2Ftags&post=52892"}],"curies":[{"name":"wp","href":"https:\/\/api.w.org\/{rel}","templated":true}]}}