{"id":52899,"date":"2023-03-16T21:46:44","date_gmt":"2023-03-17T03:46:44","guid":{"rendered":"http:\/\/www.zonaroja.com.mx\/?p=52899"},"modified":"2023-03-16T21:46:46","modified_gmt":"2023-03-17T03:46:46","slug":"el-fracaso-de-la-politica-interna-se-multiplican-protestas-y-normalistas-se-mofan-de-gobierno","status":"publish","type":"post","link":"https:\/\/zonaroja.com.mx\/?p=52899","title":{"rendered":"El fracaso de la pol\u00edtica interna: se multiplican protestas y normalistas se mofan de gobierno"},"content":{"rendered":"\n<p>Yuridiana Sosa\/Zona Roja.<\/p>\n\n\n\n<p>Oaxaca de Ju\u00e1rez, Oax., a 16 de marzo de 2023.- Las continuas fallas en la pol\u00edtica interna del gobierno de Oaxaca siguen generando un c\u00famulo de conflictos en la capital y diversos municipios del estado.<\/p>\n\n\n\n<p>Normalistas que exigen una plaza sin presentar examen, de nuevo retuvieron camiones del transporte urbano y bloquearon al menos tres oficinas del IEEPO, adem\u00e1s de retener a personas; en el Istmo un bloqueo carretero cumpli\u00f3 cuatro d\u00edas y en la capital no cesan los l\u00edos con los comerciantes ambulantes.<\/p>\n\n\n\n<p>POLIC\u00cdAS EN VEZ DE DI\u00c1LOGO<\/p>\n\n\n\n<p>El conflicto entre vendedores ambulantes y el gobierno de Oaxaca de Ju\u00e1rez empeora y este jueves mujeres comerciantes se encadenaron para impedir que la polic\u00eda municipal retire sus puestos.<\/p>\n\n\n\n<p>Pese a los diversos conflictos que han representado los operativos con el uso de la fuerza p\u00fablica, el edil Francisco Mart\u00ednez Neri volvi\u00f3 a optar por los elementos policiales para ejecutar el desalojo de puestos en v\u00eda p\u00fablica, ahora sobre la calle de Doctor Pardo y Bustamante, en colindancias con el nard\u00edn \u201cSan Francisco\u201d, donde desde hace varios meses, sin que la autoridad pusiera freno, comenz\u00f3 a llenarse de puestos.<\/p>\n\n\n\n<figure class=\"wp-block-embed is-type-rich is-provider-twitter wp-block-embed-twitter\"><div class=\"wp-block-embed__wrapper\">\n<div class=\"twitter-tweet\"><blockquote class=\"twitter-tweet\" data-lang=\"es\"><p lang=\"es\" dir=\"ltr\"><a href=\"https:\/\/twitter.com\/hashtag\/%C3%9AltimoMinuto?src=hash&amp;ref_src=twsrc%5Etfw\">#\u00daltimoMinuto<\/a> <br>Sin soluci\u00f3n, la problem\u00e1tica con ambulantes de la calle Dr. Pardo. <br>A falta de acuerdo con el edil <a href=\"https:\/\/twitter.com\/FMartinezNeri?ref_src=twsrc%5Etfw\">@FMartinezNeri<\/a>, ahora acuden al Palacio de Gobierno en busca de audiencia con el mandatario <a href=\"https:\/\/twitter.com\/salomonj?ref_src=twsrc%5Etfw\">@salomonj<\/a>. <a href=\"https:\/\/t.co\/O4R0OwT7PV\">pic.twitter.com\/O4R0OwT7PV<\/a><\/p>&mdash; Zona Roja Oaxaca (@ZonaRoja_Oaxaca) <a href=\"https:\/\/twitter.com\/ZonaRoja_Oaxaca\/status\/1636470372945264641?ref_src=twsrc%5Etfw\">16 de marzo de 2023<\/a><\/blockquote><\/div>\n<\/div><\/figure>\n\n\n\n<p>Desde temprana hora, mujeres comerciantes \u2013adheridas a Confederaci\u00f3n Libertad de Trabajadores de M\u00e9xico -montaron guardia a sus lugares de venta y se encadenaron para evitar el desalojo.<\/p>\n\n\n\n<p>Decenas de elementos policiales acudieron al lugar con unas seis patrullas que rodearon el lugar.<\/p>\n\n\n\n<p>Entre elementos policiales e inspectores de comercio trataron de retirar algunas pertenencias que ocupan para sus puestos, pero las mujeres se resistieron, y entre empujones y gritos impidieron la acci\u00f3n de la autoridad.<\/p>\n\n\n\n<p>\u201c\u00a1Comerciantes unidos jam\u00e1s ser\u00e1n vencidos!\u201d,\u201d \u00a1No porque traigan uniformes nos van hacer lo que quieran!\u201d, manifestaron las comerciantes.<\/p>\n\n\n\n<p>La intenci\u00f3n del gobierno de Mart\u00ednez Neri es reubicar a varios ambulantes al mercado \u201cHermanos Flores Mag\u00f3n\u201d, ubicado en un inmueble particular que no cuenta con las condiciones para su funcionamiento.<\/p>\n\n\n\n<figure class=\"wp-block-embed is-type-rich is-provider-twitter wp-block-embed-twitter\"><div class=\"wp-block-embed__wrapper\">\n<div class=\"twitter-tweet\"><blockquote class=\"twitter-tweet\" data-lang=\"es\"><p lang=\"es\" dir=\"ltr\"><a href=\"https:\/\/twitter.com\/hashtag\/%C3%9AltimoMinuto?src=hash&amp;ref_src=twsrc%5Etfw\">#\u00daltimoMinuto<\/a> <br>Los normalistas siguen retando al <a href=\"https:\/\/twitter.com\/GobOax?ref_src=twsrc%5Etfw\">@GobOax<\/a>. Y la <a href=\"https:\/\/twitter.com\/SEGO_Oax?ref_src=twsrc%5Etfw\">@SEGO_Oax<\/a> y la <a href=\"https:\/\/twitter.com\/SSPC_GobOax?ref_src=twsrc%5Etfw\">@SSPC_GobOax<\/a>, pasmados:<br>Normalistas vuelven a \u201ctomar\u201d camiones y ahora realizan bloqueos en la capital, entre ellos la calle Violetas de la colonia Reforma. <a href=\"https:\/\/t.co\/cIvS1S1DOA\">pic.twitter.com\/cIvS1S1DOA<\/a><\/p>&mdash; Zona Roja Oaxaca (@ZonaRoja_Oaxaca) <a href=\"https:\/\/twitter.com\/ZonaRoja_Oaxaca\/status\/1636431548290580482?ref_src=twsrc%5Etfw\">16 de marzo de 2023<\/a><\/blockquote><\/div>\n<\/div><\/figure>\n\n\n\n<p>OTRA M\u00c1S<\/p>\n\n\n\n<p>En tanto que, en el Palacio Municipal de Oaxaca de Ju\u00e1rez, ciudadanos a favor del medio ambiente, a trav\u00e9s del se\u00f1or Rosendo Ram\u00edrez S\u00e1nchez, denunciaron la omisi\u00f3n de la autoridad municipal para atender su propuesta sobre dar soluci\u00f3n al problema de la basura.<\/p>\n\n\n\n<p>Desde el 13 de octubre de 2022 presentaron un escrito con la solicitud de ser atendida, y expuesta en sesi\u00f3n de cabildo, sin embargo, la S\u00edndica Nancy Belem Mota Figueroa, no ha dado respuesta positiva a su petici\u00f3n, ni han logrado un di\u00e1logo con el presidente Francisco Mart\u00ednez Neri.<\/p>\n\n\n\n<p>En su propuesta plantean que el gobierno de Oaxaca de Ju\u00e1rez recurra a la asesor\u00eda del gobierno de la Ciudad de M\u00e9xico con la finalidad de buscar una soluci\u00f3n a la grave crisis ambiental en la capital oaxaque\u00f1a, por lo que exigen se considere su propuesta y pongan fecha de su exposici\u00f3n en sesi\u00f3n de cabildo.<\/p>\n\n\n\n<figure class=\"wp-block-embed is-type-rich is-provider-twitter wp-block-embed-twitter\"><div class=\"wp-block-embed__wrapper\">\n<div class=\"twitter-tweet\"><blockquote class=\"twitter-tweet\" data-lang=\"es\"><p lang=\"es\" dir=\"ltr\"><a href=\"https:\/\/twitter.com\/hashtag\/ENVIVO?src=hash&amp;ref_src=twsrc%5Etfw\">#ENVIVO<\/a><br>Oaxaca de Ju\u00e1rez, Oax., a 16 de marzo de 2023.- Contin\u00faa el uso de polic\u00edas por parte del <a href=\"https:\/\/twitter.com\/MunicipioOaxaca?ref_src=twsrc%5Etfw\">@MunicipioOaxaca<\/a> para retirar a ambulantes en la ciudad de Oaxaca, ahora en la calle Dr. Pardo, anexo el jard\u00edn \u201cSan Francisco\u201d; las mujeres se encadenan.<br>\ud83d\udc47<a href=\"https:\/\/t.co\/8lPGTWopNT\">https:\/\/t.co\/8lPGTWopNT<\/a> <a href=\"https:\/\/t.co\/tTCSaQgLt6\">pic.twitter.com\/tTCSaQgLt6<\/a><\/p>&mdash; Zona Roja Oaxaca (@ZonaRoja_Oaxaca) <a href=\"https:\/\/twitter.com\/ZonaRoja_Oaxaca\/status\/1636410045046091778?ref_src=twsrc%5Etfw\">16 de marzo de 2023<\/a><\/blockquote><\/div>\n<\/div><\/figure>\n\n\n\n<p>SIN SOLUCI\u00d3N<\/p>\n\n\n\n<p>Desde hace cuatro d\u00edas, padres de familias de la escuela primaria \u201cBenito Ju\u00e1rez\u201d, de Tehuantepec, mantienen un bloqueo carretero en el Puente de Fierro, sobre la carretera 185 Trans\u00edstmica, para exigir la rehabilitaci\u00f3n del plantel.<\/p>\n\n\n\n<p>La protesta comenz\u00f3 el pasado 13 de marzo y desde entonces el gobierno del estado no ha encontrado la manera de atender el caso.<\/p>\n\n\n\n<p>Fue hasta este mi\u00e9rcoles 15 de marzo que el titular del Instituto Oaxaque\u00f1o Constructor de Infraestructura F\u00edsica Educativa (Iocifed), Alejandro L\u00f3pez Jarqu\u00edn, se dirig\u00eda al punto del bloqueo para dialogar con los padres, pero no lleg\u00f3 debido a un accidente automovil\u00edstico en el que se vio involucrado.<\/p>\n\n\n\n<p>En tanto que los automovilistas y transportistas que quieren rodear el bloqueo ahora deben pagar cuotas impuestas por los pobladores de la agencia municipal de San Luis Rey, quienes atravesaron cuerdas sobre el camino que conduce a la supercarretera para realizar cobros por el paso.<\/p>\n\n\n\n<figure class=\"wp-block-embed is-type-rich is-provider-twitter wp-block-embed-twitter\"><div class=\"wp-block-embed__wrapper\">\n<div class=\"twitter-tweet\"><blockquote class=\"twitter-tweet\" data-lang=\"es\"><p lang=\"es\" dir=\"ltr\"><a href=\"https:\/\/twitter.com\/hashtag\/%C3%9AltimoMinuto?src=hash&amp;ref_src=twsrc%5Etfw\">#\u00daltimoMinuto<\/a><br>Se le acumulan los problemas al gobernador <a href=\"https:\/\/twitter.com\/salomonj?ref_src=twsrc%5Etfw\">@salomonj<\/a> ante la falta de capacidad en la <a href=\"https:\/\/twitter.com\/SEGO_Oax?ref_src=twsrc%5Etfw\">@SEGO_Oax<\/a>.<br>Ahora jubilados de la Secci\u00f3n 22 del SNTE exigen ser atendidos en el Palacio de Gobierno. <br>Tambi\u00e9n protestan los bur\u00f3cratas sindicalizados. <a href=\"https:\/\/t.co\/XjZRy4juJq\">pic.twitter.com\/XjZRy4juJq<\/a><\/p>&mdash; Zona Roja Oaxaca (@ZonaRoja_Oaxaca) <a href=\"https:\/\/twitter.com\/ZonaRoja_Oaxaca\/status\/1636397284102488064?ref_src=twsrc%5Etfw\">16 de marzo de 2023<\/a><\/blockquote><\/div>\n<\/div><\/figure>\n\n\n\n<p>SIGUE SECCI\u00d3N 22<\/p>\n\n\n\n<p>Jubilados de la Secci\u00f3n 22 del Sindicato Nacional de Trabajadores de la Educaci\u00f3n (SNTE) se manifestaron de manera pac\u00edfica a la puerta de Palacio de Gobierno.<\/p>\n\n\n\n<p>La presencia del grupo de ex trabajadores de la educaci\u00f3n se debi\u00f3 a la cobertura de una mesa de negociaci\u00f3n de sus dirigentes con el Instituto Estatal de Educaci\u00f3n P\u00fablica (IEEPO); sin embargo, exigieron soluci\u00f3n a sus planteamientos desde ese primer encuentro.<\/p>\n\n\n\n<p>Mientras que los normalistas, vali\u00e9ndose de la falta de autoridad municipal y estatal, volvieron a apoderarse de camiones urbanos para realizar sus actividades de protesta.<\/p>\n\n\n\n<p>En su jornada de hoy realizaron bloqueos en calles de la colonia Reforma, la zona norte de la capital, y \u201ctoma\u201d de oficinas del IEEPO instaladas en parte de la ciudad.<\/p>\n\n\n\n<p>Las instalaciones afectadas fueron la Unidad de Subdirecci\u00f3n de Personal en la calle de Belisario Dom\u00ednguez; Unidad de Recursos Humanos, en calle Azucenas; Educaci\u00f3n para Adultos en calle Violentas.<\/p>\n\n\n\n<p>Por otra parte,y de manera pac\u00edfica, los bur\u00f3cratas del Sindicato de Trabajadores de los Poderes del Estado e Instituciones Descentralizadas de Car\u00e1cter Estatal de Oaxaca (STPEIDCEO), instalaron cartulinas en diferentes espacios de trabajo en exigencia al aumento salarial, como parte de su pliego de peticiones.<\/p>\n\n\n\n<p>Ayer por la tarde, el secretario de Administraci\u00f3n del Gobierno del Estado, Antonino Morales Toledo, recibi\u00f3 el Pliego Petitorio 2023.<\/p>\n","protected":false},"excerpt":{"rendered":"<p>Yuridiana Sosa\/Zona Roja. Oaxaca de Ju\u00e1rez, Oax., a 16 de marzo de 2023.- Las continuas&hellip;<\/p>\n","protected":false},"author":2,"featured_media":52900,"comment_status":"closed","ping_status":"open","sticky":false,"template":"","format":"standard","meta":{"_lmt_disableupdate":"","_lmt_disable":"","_jetpack_memberships_contains_paid_content":false,"footnotes":""},"categories":[109,47],"tags":[3466],"class_list":["post-52899","post","type-post","status-publish","format-standard","has-post-thumbnail","hentry","category-minuto-a-minuto","category-zona-gris","tag-bloqueo"],"jetpack_featured_media_url":"https:\/\/zonaroja.com.mx\/wp-content\/uploads\/2023\/03\/Normalistas-Oaxaca-vandalismo.jpg","jetpack_sharing_enabled":true,"_links":{"self":[{"href":"https:\/\/zonaroja.com.mx\/index.php?rest_route=\/wp\/v2\/posts\/52899","targetHints":{"allow":["GET"]}}],"collection":[{"href":"https:\/\/zonaroja.com.mx\/index.php?rest_route=\/wp\/v2\/posts"}],"about":[{"href":"https:\/\/zonaroja.com.mx\/index.php?rest_route=\/wp\/v2\/types\/post"}],"author":[{"embeddable":true,"href":"https:\/\/zonaroja.com.mx\/index.php?rest_route=\/wp\/v2\/users\/2"}],"replies":[{"embeddable":true,"href":"https:\/\/zonaroja.com.mx\/index.php?rest_route=%2Fwp%2Fv2%2Fcomments&post=52899"}],"version-history":[{"count":1,"href":"https:\/\/zonaroja.com.mx\/index.php?rest_route=\/wp\/v2\/posts\/52899\/revisions"}],"predecessor-version":[{"id":52901,"href":"https:\/\/zonaroja.com.mx\/index.php?rest_route=\/wp\/v2\/posts\/52899\/revisions\/52901"}],"wp:featuredmedia":[{"embeddable":true,"href":"https:\/\/zonaroja.com.mx\/index.php?rest_route=\/wp\/v2\/media\/52900"}],"wp:attachment":[{"href":"https:\/\/zonaroja.com.mx\/index.php?rest_route=%2Fwp%2Fv2%2Fmedia&parent=52899"}],"wp:term":[{"taxonomy":"category","embeddable":true,"href":"https:\/\/zonaroja.com.mx\/index.php?rest_route=%2Fwp%2Fv2%2Fcategories&post=52899"},{"taxonomy":"post_tag","embeddable":true,"href":"https:\/\/zonaroja.com.mx\/index.php?rest_route=%2Fwp%2Fv2%2Ftags&post=52899"}],"curies":[{"name":"wp","href":"https:\/\/api.w.org\/{rel}","templated":true}]}}