{"id":52902,"date":"2023-03-16T22:13:44","date_gmt":"2023-03-17T04:13:44","guid":{"rendered":"http:\/\/www.zonaroja.com.mx\/?p=52902"},"modified":"2023-03-16T22:13:46","modified_gmt":"2023-03-17T04:13:46","slug":"van-en-congreso-de-oaxaca-por-la-tipificacion-del-delito-de-violencia-vicaria","status":"publish","type":"post","link":"https:\/\/zonaroja.com.mx\/?p=52902","title":{"rendered":"Van en Congreso de Oaxaca por la tipificaci\u00f3n del delito de violencia vicaria"},"content":{"rendered":"\n<p>Redacci\u00f3n\/Zona Roja.<\/p>\n\n\n\n<p>Oaxaca de Ju\u00e1rez, Oax., 16 de marzo de 2023.-&nbsp;En sesi\u00f3n ordinaria, la diputada local Mariana Ben\u00edtez Tiburcio present\u00f3 una iniciativa de reforma al C\u00f3digo Penal del Estado de Oaxaca, para tipificar como delito aut\u00f3nomo la Violencia Vicaria, debido a que en esta acci\u00f3n se instrumentaliza a las hijas e hijos para da\u00f1ar principalmente a las mujeres.<\/p>\n\n\n\n<p>La legisladora&nbsp;explic\u00f3 que la Violencia Vicaria da\u00f1a principalmente a la mujer y como consecuencia, las hijas y los hijos se ven afectados al ser utilizados como un medio para lograrlo; por lo tanto, este tipo de violencia no solo atenta contra los derechos de las mujeres, sino tambi\u00e9n con el de las ni\u00f1as y ni\u00f1os, ya que en algunos casos llega hasta su asesinato por parte del agresor.<\/p>\n\n\n\n<p>Refiri\u00f3 de acuerdo con cifras de la coordinaci\u00f3n del Frente Nacional contra Violencia Vicaria, de enero a septiembre de&nbsp;2021, se registraron casos de violencia familiar en 1.4 millones de hogares, del total de casos registrados de violencia familiar, el 40% es emocional, 21% econ\u00f3mica-patrimonial, 18% f\u00edsica y 6.5% sexual.&nbsp;<\/p>\n\n\n\n<p>Por otra parte, la diputada local se\u00f1al\u00f3 que en el pa\u00eds se encuentran registradas 43.5 millones de mujeres de m\u00e1s de 15 a\u00f1os, de las cu\u00e1les el 22.5% report\u00f3 haber sufrido violencia por parte de sus parejas.<\/p>\n\n\n\n<figure class=\"wp-block-embed is-type-rich is-provider-twitter wp-block-embed-twitter\"><div class=\"wp-block-embed__wrapper\">\n<div class=\"twitter-tweet\"><blockquote class=\"twitter-tweet\" data-lang=\"es\"><p lang=\"es\" dir=\"ltr\">En la sesi\u00f3n ordinaria del <a href=\"https:\/\/twitter.com\/CongresoOaxaca_?ref_src=twsrc%5Etfw\">@CongresoOaxaca_<\/a> de este mi\u00e9rcoles, la diputada <a href=\"https:\/\/twitter.com\/marianabenitezt?ref_src=twsrc%5Etfw\">@marianabenitezt<\/a> present\u00f3 una iniciativa de reforma al C\u00f3digo Penal del Estado de Oaxaca, para tipificar como delito aut\u00f3nomo la Violencia Vicaria. Aqu\u00ed los detalles: <a href=\"https:\/\/t.co\/V17EypyqlT\">pic.twitter.com\/V17EypyqlT<\/a><\/p>&mdash; Zona Roja Oaxaca (@ZonaRoja_Oaxaca) <a href=\"https:\/\/twitter.com\/ZonaRoja_Oaxaca\/status\/1636126537518030848?ref_src=twsrc%5Etfw\">15 de marzo de 2023<\/a><\/blockquote><\/div>\n<\/div><\/figure>\n\n\n\n<p>\u201cDesafortunadamente 9 de cada 10 agresores cuentan con formas de bloquear los procesos legales de la v\u00edctima o recursos que favorecen los fallos a su favor por tener tr\u00e1fico de influencias, solvencia econ\u00f3mica para poder generar un alargamiento en el proceso legal y por tener alg\u00fan cargo p\u00fablico\u201d, agreg\u00f3.&nbsp;<\/p>\n\n\n\n<p>En su iniciativa, la legisladora tambi\u00e9n propuso una sanci\u00f3n penal espec\u00edfica para castigar a los servidores p\u00fablicos que afecten la correcta procuraci\u00f3n y administraci\u00f3n de justicia mediante conductas que faciliten el ejercicio de la Violencia Vicaria en contra de las mujeres, pues el Estado no puede tolerar que sus propios agentes sean generadores de violencia.<\/p>\n\n\n\n<p>Ben\u00edtez Tiburcio resalt\u00f3 que el principal bien jur\u00eddico que se pretende proteger con los delitos de Violencia Vicaria es el derecho a una vida libre de violencia de g\u00e9nero contra las mujeres y no s\u00f3lo el derecho a una vida libre de violencia de forma gen\u00e9rica.<\/p>\n\n\n\n<p>La congresista sostuvo que no es suficiente con que la Violencia Vicaria haya sido identificada y reconocida, porque en el fondo debe contar con una garant\u00eda de su cumplimiento; toda vez que el ejercicio de esta acci\u00f3n debe tener consecuencias en la realidad social.<\/p>\n","protected":false},"excerpt":{"rendered":"<p>Redacci\u00f3n\/Zona Roja. Oaxaca de Ju\u00e1rez, Oax., 16 de marzo de 2023.-&nbsp;En sesi\u00f3n ordinaria, la diputada&hellip;<\/p>\n","protected":false},"author":2,"featured_media":52882,"comment_status":"closed","ping_status":"open","sticky":false,"template":"","format":"standard","meta":{"_lmt_disableupdate":"","_lmt_disable":"","_jetpack_memberships_contains_paid_content":false,"footnotes":""},"categories":[109,46],"tags":[2969],"class_list":["post-52902","post","type-post","status-publish","format-standard","has-post-thumbnail","hentry","category-minuto-a-minuto","category-zona-blanca","tag-mariana-benitez-tiburcio"],"jetpack_featured_media_url":"https:\/\/zonaroja.com.mx\/wp-content\/uploads\/2023\/03\/Mariana-Benitez-Tiburcio-Congreso.jpeg","jetpack_sharing_enabled":true,"_links":{"self":[{"href":"https:\/\/zonaroja.com.mx\/index.php?rest_route=\/wp\/v2\/posts\/52902","targetHints":{"allow":["GET"]}}],"collection":[{"href":"https:\/\/zonaroja.com.mx\/index.php?rest_route=\/wp\/v2\/posts"}],"about":[{"href":"https:\/\/zonaroja.com.mx\/index.php?rest_route=\/wp\/v2\/types\/post"}],"author":[{"embeddable":true,"href":"https:\/\/zonaroja.com.mx\/index.php?rest_route=\/wp\/v2\/users\/2"}],"replies":[{"embeddable":true,"href":"https:\/\/zonaroja.com.mx\/index.php?rest_route=%2Fwp%2Fv2%2Fcomments&post=52902"}],"version-history":[{"count":1,"href":"https:\/\/zonaroja.com.mx\/index.php?rest_route=\/wp\/v2\/posts\/52902\/revisions"}],"predecessor-version":[{"id":52903,"href":"https:\/\/zonaroja.com.mx\/index.php?rest_route=\/wp\/v2\/posts\/52902\/revisions\/52903"}],"wp:featuredmedia":[{"embeddable":true,"href":"https:\/\/zonaroja.com.mx\/index.php?rest_route=\/wp\/v2\/media\/52882"}],"wp:attachment":[{"href":"https:\/\/zonaroja.com.mx\/index.php?rest_route=%2Fwp%2Fv2%2Fmedia&parent=52902"}],"wp:term":[{"taxonomy":"category","embeddable":true,"href":"https:\/\/zonaroja.com.mx\/index.php?rest_route=%2Fwp%2Fv2%2Fcategories&post=52902"},{"taxonomy":"post_tag","embeddable":true,"href":"https:\/\/zonaroja.com.mx\/index.php?rest_route=%2Fwp%2Fv2%2Ftags&post=52902"}],"curies":[{"name":"wp","href":"https:\/\/api.w.org\/{rel}","templated":true}]}}