{"id":52904,"date":"2023-03-17T12:30:00","date_gmt":"2023-03-17T18:30:00","guid":{"rendered":"http:\/\/www.zonaroja.com.mx\/?p=52904"},"modified":"2023-03-17T06:39:08","modified_gmt":"2023-03-17T12:39:08","slug":"desde-el-2018-crece-consumo-de-fentanilo-en-mexico","status":"publish","type":"post","link":"https:\/\/zonaroja.com.mx\/?p=52904","title":{"rendered":"Desde el 2018, crece consumo de fentanilo en M\u00e9xico"},"content":{"rendered":"\n<p>Redacci\u00f3n\/Zona Roja Cdmx.<\/p>\n\n\n\n<p>Ciudad de M\u00e9xico, a 17 de marzo de 2023.- Aunque el Presidente Andr\u00e9s Manuel L\u00f3pez Obrador asegur\u00f3 este mi\u00e9rcoles que en M\u00e9xico no es elevado el consumo de fentanilo y reproch\u00f3 la falta de acciones en Estados Unidos, los otros datos, los del Observatorio Mexicano de Salud Mental y Consumo de Drogas, muestran un incremento en las demandas de atenci\u00f3n por el uso de esta droga a partir del a\u00f1o 2018.<\/p>\n\n\n\n<p>A la par del informe oficial del observatorio adscrito a la Comisi\u00f3n Nacional contra las Adicciones (Conadic) de la Secretar\u00eda de Salud, las Fuerzas Armadas y de Seguridad mexicanas han reportado en semanas recientes diversos aseguramientos de fentanilo en varios puntos a nivel nacional.<\/p>\n\n\n\n<p>LO QUE DICE AMLO<\/p>\n\n\n\n<p>En su ma\u00f1anera de este mi\u00e9rcoles, AMLO&nbsp;critic\u00f3 la falta de acciones del gobierno de Estados Unidos en la lucha contra el fentanilo y dijo que se les hace \u201cf\u00e1cil culpar a M\u00e9xico\u201d por el tr\u00e1fico de este producto en territorio estadounidense.<\/p>\n\n\n\n<p>\u201cEstamos haciendo mucho en M\u00e9xico. Ahora los pol\u00edticos republicanos, y algunos tambi\u00e9n dem\u00f3cratas, en Estados Unidos que no han hecho nada porque all\u00e1 se distribuye esta droga y no se sabe de decomisos, ni de detenciones a los que se dedican a su distribuci\u00f3n, ni siquiera hay difusi\u00f3n en los medios informativos del da\u00f1o que causa este fentanilo\u201d, dijo el presidente, acusando que \u201cse les hace f\u00e1cil culpar a M\u00e9xico, de manera injustificada, por politiquer\u00eda, por hipocres\u00eda\u201d del tr\u00e1fico del fentanilo y aprovechando para reiterar que rechazar\u00e1 que el Gobierno estadounidense intervenga en territorio mexicano para combatir a las bandas de narcotraficantes.<\/p>\n\n\n\n<p>L\u00f3pez Obrador asegur\u00f3, tambi\u00e9n, que en M\u00e9xico no es elevado el consumo de fentanilo, pero s\u00ed, reconoci\u00f3, el uso de cristal, se\u00f1alando que el de esta droga est\u00e1 muy localizado.<\/p>\n\n\n\n<p>En Palacio Nacional, AMLO afirm\u00f3 que no hay tanta afici\u00f3n y consumo de drogas en M\u00e9xico, argumentando como causa las tradiciones y la manera de ser de los mexicanos.<\/p>\n\n\n\n<p>\u00abNo tenemos nosotros aqu\u00ed un consumo de elevado de fentanilo, s\u00ed de cristal, pero tambi\u00e9n muy localizado\u00bb, dijo. \u00ab\u00bfY por qu\u00e9 no hay tanto consumo de droga, por qu\u00e9 no crece el consumo? \u00bfPor lo que hace el gobierno? No, por nuestras tradiciones, por lo que hacen nuestras familias, por la manera de c\u00f3mo somos los mexicanos, no hay una actitud, una afici\u00f3n hacia las drogas. No, son ciertos lugares, que los tenemos muy claros\u00bb, asegur\u00f3.<\/p>\n\n\n\n<p>No obstante, en su misma ma\u00f1anera AMLO&nbsp;adelant\u00f3 que pedir\u00e1 a m\u00e9dicos y cient\u00edficos mexicanos que se analice la posibilidad de sustituir el fentanilo con fines m\u00e9dicos por otros analg\u00e9sicos y con esto pueda prohibirse tambi\u00e9n su importaci\u00f3n a nuestro pa\u00eds. Indic\u00f3 que si esta propuesta prospera en M\u00e9xico, pedir\u00e1 que se replique en Estados Unidos.<\/p>\n\n\n\n<p>LOS OTROS DATOS<\/p>\n\n\n\n<p>De 2018 a 2021, seg\u00fan el Observatorio Mexicano de Salud Mental y Consumo de Drogas, sustancias emergentes como el fentanilo han sido de gran inter\u00e9s, ya que su oferta ha crecido y por lo tanto, tambi\u00e9n su demanda.<\/p>\n\n\n\n<p>En su informe \u00abDemanda de tratamiento por consumo de sustancias psicoactivas en 2021\u00bb, el Observatorio indica que ha \u00abseguido los casos en los que se demanda atenci\u00f3n por el uso de esta sustancia (fentanilo), encontrando un n\u00famero creciente en los \u00faltimos a\u00f1os\u00bb.<\/p>\n\n\n\n<p>El informe muestra un gr\u00e1fico con los datos de la demanda de atenci\u00f3n por uso de fentanilo de 2013 a 2021 y puntualiza que los casos se presentan principalmente entre los hombres y en los estados de Baja California y Sonora.<\/p>\n\n\n\n<p>Finalmente, se\u00f1ala que \u00abllama la atenci\u00f3n que si bien el n\u00famero de casos de uso de fentanilo que se registran son escasos, estos van en aumento y que se concentran primordialmente en la frontera con Estados Unidos, donde el uso de esta sustancia se ha convertido en una crisis de salud p\u00fablica\u00bb.<\/p>\n\n\n\n<p>LOS ASEGURAMIENTOS&nbsp;<\/p>\n\n\n\n<p>Al menos en lo que va de este a\u00f1o 2023, las Fuerzas Armadas y de Seguridad mexicanas han reportado diversos casos de aseguramiento de esta droga en todo el territorio nacional.<\/p>\n\n\n\n<p>El pasado 15 de enero, se aseguraron cien mil pastillas de fentanilo y 77 kilos de metanfetamina en Tijuana. El 18 de enero, autoridades de la Aduana y Protecci\u00f3n Fronteriza de los Estados Unidos de Norteam\u00e9rica dieron a conocer el aseguramiento de m\u00e1s de 3.3 kilos de fentanilo, oculto en una hielera que era transportada en el maletero de un veh\u00edculo, y que se pretend\u00eda ingresar al vecino pa\u00eds a trav\u00e9s del puerto fronterizo Piedras Negras-Eagle Pass.<\/p>\n\n\n\n<p>El 1 de marzo, la Fiscal\u00eda General de la Rep\u00fablica (FGR), a trav\u00e9s de la Agencia de Investigaci\u00f3n Criminal (AIC), en su Regi\u00f3n Noroeste, inform\u00f3 de la ejecuci\u00f3n de 52 cateos realizados durante los \u00faltimos d\u00edas de febrero, en los que se aseguraron cerca de dos toneladas de marihuana, m\u00e1s de tres mil 700 pastillas de fentanilo y se detuvo a 25 personas.<\/p>\n\n\n\n<p>Dichas diligencias estuvieron bajo la conducci\u00f3n del Ministerio P\u00fablico de la Federaci\u00f3n (MPF), en sus delegaciones de Baja California, Baja California Sur, Chihuahua, Durango, Sinaloa y Sonora.<\/p>\n\n\n\n<p>El 11 de marzo, la FGR inform\u00f3 sobre la incautaci\u00f3n de fentanilo y metanfetamina en la ciudad de G\u00f3mez Palacio, la droga iba oculta en un autob\u00fas de pasajeros. Eran dos envoltorios de forma cil\u00edndrica, en el primero de ellos hab\u00eda pastillas de diferentes colores con las caracter\u00edsticas del fentanilo, con un peso aproximado de 600 gramos; el segundo conten\u00eda en su interior una sustancia granulada y transparente con las caracter\u00edsticas de la metanfetamina, con un peso aproximado de un kilogramo con 50 gramos.<\/p>\n\n\n\n<p>Finalmente, el pasado 14 de marzo, agentes de la Polic\u00eda Federal Ministerial (PFM) de Sinaloa informaron que, mediante un operativo derivado de una investigaci\u00f3n, detuvieron a dos hombres y una mujer que circulaban en un veh\u00edculo en el cual transportaban 354 mil pastillas de probable fentanilo y 2.7 kilos de producto puro, el cual pretend\u00edan llevar a la frontera con los Estados Unidos.<\/p>\n\n\n\n<p>Los tres detenidos y el cargamento decomisado fueron puestos a disposici\u00f3n del Ministerio P\u00fablico, para continuar con las investigaciones.<\/p>\n\n\n\n<p>POSTURA REPUBLICANA<\/p>\n\n\n\n<p>Es importante se\u00f1alar que, en medio de estos otros datos, legisladores del Partido Republicano de Estados Unidos han revivido la propuesta de usar a las Fuerzas Armadas de su pa\u00eds para combatir en territorio mexicano a los c\u00e1rteles de la droga, saliendo incluso nuevamente a la luz la iniciativa de declarar terroristas a los narcotraficantes.<\/p>\n\n\n\n<p>Al respecto, justo este mi\u00e9rcoles, en su conferencia ma\u00f1anera, el presidente Andr\u00e9s Manuel L\u00f3pez Obrador advirti\u00f3 que su gobierno \u00abnunca, jam\u00e1s\u00bb permitir\u00e1 que el Ej\u00e9rcito de Estados Unidos intervenga en M\u00e9xico para combatir c\u00e1rteles del narcotr\u00e1fico como propone un grupo de legisladores republicanos.<\/p>\n\n\n\n<p>AMLO insisti\u00f3 tambi\u00e9n en que los legisladores republicanos y \u00abalgunos tambi\u00e9n dem\u00f3cratas\u00bb no han hecho nada para combatir el uso del fentanilo, por lo que se les hace f\u00e1cil culpar a M\u00e9xico de manera injustificada, \u00abpor politiquer\u00eda y por hipocres\u00eda\u201d.<\/p>\n\n\n\n<p>(Informaci\u00f3n de \u201cEl Siglo de Torre\u00f3n\u201d)<\/p>\n","protected":false},"excerpt":{"rendered":"<p>Redacci\u00f3n\/Zona Roja Cdmx. Ciudad de M\u00e9xico, a 17 de marzo de 2023.- Aunque el Presidente&hellip;<\/p>\n","protected":false},"author":2,"featured_media":40855,"comment_status":"closed","ping_status":"open","sticky":false,"template":"","format":"standard","meta":{"_lmt_disableupdate":"","_lmt_disable":"","_jetpack_memberships_contains_paid_content":false,"footnotes":""},"categories":[109,47],"tags":[3463],"class_list":["post-52904","post","type-post","status-publish","format-standard","has-post-thumbnail","hentry","category-minuto-a-minuto","category-zona-gris","tag-fentanilo-en-mexico"],"jetpack_featured_media_url":"https:\/\/zonaroja.com.mx\/wp-content\/uploads\/2022\/05\/Drogas-sinteticas-cocaina-fentanilo.webp","jetpack_sharing_enabled":true,"_links":{"self":[{"href":"https:\/\/zonaroja.com.mx\/index.php?rest_route=\/wp\/v2\/posts\/52904","targetHints":{"allow":["GET"]}}],"collection":[{"href":"https:\/\/zonaroja.com.mx\/index.php?rest_route=\/wp\/v2\/posts"}],"about":[{"href":"https:\/\/zonaroja.com.mx\/index.php?rest_route=\/wp\/v2\/types\/post"}],"author":[{"embeddable":true,"href":"https:\/\/zonaroja.com.mx\/index.php?rest_route=\/wp\/v2\/users\/2"}],"replies":[{"embeddable":true,"href":"https:\/\/zonaroja.com.mx\/index.php?rest_route=%2Fwp%2Fv2%2Fcomments&post=52904"}],"version-history":[{"count":1,"href":"https:\/\/zonaroja.com.mx\/index.php?rest_route=\/wp\/v2\/posts\/52904\/revisions"}],"predecessor-version":[{"id":52905,"href":"https:\/\/zonaroja.com.mx\/index.php?rest_route=\/wp\/v2\/posts\/52904\/revisions\/52905"}],"wp:featuredmedia":[{"embeddable":true,"href":"https:\/\/zonaroja.com.mx\/index.php?rest_route=\/wp\/v2\/media\/40855"}],"wp:attachment":[{"href":"https:\/\/zonaroja.com.mx\/index.php?rest_route=%2Fwp%2Fv2%2Fmedia&parent=52904"}],"wp:term":[{"taxonomy":"category","embeddable":true,"href":"https:\/\/zonaroja.com.mx\/index.php?rest_route=%2Fwp%2Fv2%2Fcategories&post=52904"},{"taxonomy":"post_tag","embeddable":true,"href":"https:\/\/zonaroja.com.mx\/index.php?rest_route=%2Fwp%2Fv2%2Ftags&post=52904"}],"curies":[{"name":"wp","href":"https:\/\/api.w.org\/{rel}","templated":true}]}}