{"id":52906,"date":"2023-03-17T10:30:00","date_gmt":"2023-03-17T16:30:00","guid":{"rendered":"http:\/\/www.zonaroja.com.mx\/?p=52906"},"modified":"2023-03-17T06:44:06","modified_gmt":"2023-03-17T12:44:06","slug":"desaparece-otra-norteamericana-en-mexico-ahora-en-colima","status":"publish","type":"post","link":"https:\/\/zonaroja.com.mx\/?p=52906","title":{"rendered":"Desaparece otra norteamericana en M\u00e9xico, ahora en Colima"},"content":{"rendered":"\n<p>Redacci\u00f3n\/Zona Roja Cdmx.<\/p>\n\n\n\n<p>Ciudad de M\u00e9xico, a 17 de marzo de 2023.- Tras la desaparici\u00f3n y secuestro de cuatro norteamericanos en Tamaulipas, dos de los cuales fueron asesinados, ahora el Bur\u00f3 Federal de Investigaciones (FBI) busca a otra ciudadana norteamericana que fue vista por \u00faltima vez en Colima.<\/p>\n\n\n\n<p>De acuerdo con la ficha que emiti\u00f3 la instituci\u00f3n estadounidense, el plagio ocurri\u00f3 en la localidad de Pueblo Nuevo, en el municipio de Villa de \u00c1lvarez.<\/p>\n\n\n\n<p>La mujer fue identificada como Mar\u00eda del Carmen L\u00f3pez, quien seg\u00fan la agencia federal de investigaci\u00f3n, fue secuestrada de su residencia en dicho estado mexicano el pasado 9 de febrero.<\/p>\n\n\n\n<p>En redes sociales, familiares han compartido la publicaci\u00f3n con la recompensa y la petici\u00f3n de ayuda.<\/p>\n\n\n\n<p>\u201cEstamos suplicando a amigos, familiares y p\u00fablico en general que nos ayuden a encontrar a nuestra madre Mar\u00eda del Carmen L\u00f3pez. Fue secuestrada de su casa en Pueblo Nuevo, Colima el 9 de febrero de 2023. \u00a1Comparte! \u00a1Necesitamos a nuestra madre de vuelta! \u00a1Necesitamos tu ayuda! Necesitamos a nuestra madre de vuelta\u201d.<\/p>\n\n\n\n<p>\u200bEl FBI ha ofrecido una recompensa de hasta 20 mil d\u00f3lares por informaci\u00f3n que conduzca a la ubicaci\u00f3n de Mar\u00eda del Carmen, de 64 a\u00f1os.<\/p>\n\n\n\n<p>Se detall\u00f3 que la mujer&nbsp;tiene cabello rubio, mide 1.57 metros de altura, ojos color caf\u00e9, tez blanca y un peso de alrededor de 72.5 kilos.<\/p>\n\n\n\n<p>(Con informaci\u00f3n de \u201cMilenio\u201d)<\/p>\n","protected":false},"excerpt":{"rendered":"<p>Redacci\u00f3n\/Zona Roja Cdmx. Ciudad de M\u00e9xico, a 17 de marzo de 2023.- Tras la desaparici\u00f3n&hellip;<\/p>\n","protected":false},"author":2,"featured_media":52907,"comment_status":"closed","ping_status":"open","sticky":false,"template":"","format":"standard","meta":{"_lmt_disableupdate":"","_lmt_disable":"","_jetpack_memberships_contains_paid_content":false,"footnotes":""},"categories":[109,47],"tags":[3065],"class_list":["post-52906","post","type-post","status-publish","format-standard","has-post-thumbnail","hentry","category-minuto-a-minuto","category-zona-gris","tag-violencia-colima"],"jetpack_featured_media_url":"https:\/\/zonaroja.com.mx\/wp-content\/uploads\/2023\/03\/Norteamericana-secuestrada-Colima.jpeg","jetpack_sharing_enabled":true,"_links":{"self":[{"href":"https:\/\/zonaroja.com.mx\/index.php?rest_route=\/wp\/v2\/posts\/52906","targetHints":{"allow":["GET"]}}],"collection":[{"href":"https:\/\/zonaroja.com.mx\/index.php?rest_route=\/wp\/v2\/posts"}],"about":[{"href":"https:\/\/zonaroja.com.mx\/index.php?rest_route=\/wp\/v2\/types\/post"}],"author":[{"embeddable":true,"href":"https:\/\/zonaroja.com.mx\/index.php?rest_route=\/wp\/v2\/users\/2"}],"replies":[{"embeddable":true,"href":"https:\/\/zonaroja.com.mx\/index.php?rest_route=%2Fwp%2Fv2%2Fcomments&post=52906"}],"version-history":[{"count":1,"href":"https:\/\/zonaroja.com.mx\/index.php?rest_route=\/wp\/v2\/posts\/52906\/revisions"}],"predecessor-version":[{"id":52908,"href":"https:\/\/zonaroja.com.mx\/index.php?rest_route=\/wp\/v2\/posts\/52906\/revisions\/52908"}],"wp:featuredmedia":[{"embeddable":true,"href":"https:\/\/zonaroja.com.mx\/index.php?rest_route=\/wp\/v2\/media\/52907"}],"wp:attachment":[{"href":"https:\/\/zonaroja.com.mx\/index.php?rest_route=%2Fwp%2Fv2%2Fmedia&parent=52906"}],"wp:term":[{"taxonomy":"category","embeddable":true,"href":"https:\/\/zonaroja.com.mx\/index.php?rest_route=%2Fwp%2Fv2%2Fcategories&post=52906"},{"taxonomy":"post_tag","embeddable":true,"href":"https:\/\/zonaroja.com.mx\/index.php?rest_route=%2Fwp%2Fv2%2Ftags&post=52906"}],"curies":[{"name":"wp","href":"https:\/\/api.w.org\/{rel}","templated":true}]}}