{"id":5291,"date":"2019-10-31T07:50:51","date_gmt":"2019-10-31T13:50:51","guid":{"rendered":"http:\/\/www.zonaroja.com.mx\/?p=5291"},"modified":"2019-10-31T07:50:56","modified_gmt":"2019-10-31T13:50:56","slug":"promoveran-desde-el-senado-juicio-politico-contra-fiscal-de-oaxaca","status":"publish","type":"post","link":"https:\/\/zonaroja.com.mx\/?p=5291","title":{"rendered":"Promover\u00e1n desde el Senado juicio pol\u00edtico contra fiscal de Oaxaca"},"content":{"rendered":"\n<p>Redacci\u00f3n\/Zona Roja.<\/p>\n\n\n\n<p>Oaxaca de Ju\u00e1rez, Oax., 31 de octubre\nde 2019.- Por m\u00faltiples pifias en materia de procuraci\u00f3n de justicia, la m\u00e1s\nreciente de ella por la detenci\u00f3n del edil de Jalapa de D\u00edaz, desde el Senado\nde la Rep\u00fablica se promover\u00e1 juicio pol\u00edtico en contra del titular de la\nFiscal\u00eda General del Estado de Oaxaca, Rub\u00e9n Vasconcelos M\u00e9ndez.<\/p>\n\n\n\n<p>As\u00ed lo inform\u00f3 el senador Salom\u00f3n Jara\nCruz, quien denunci\u00f3 que la detenci\u00f3n del presidente municipal Arturo Garc\u00eda\nVel\u00e1squez, \u201cfue un montaje medi\u00e1tico con fines pol\u00edtico-electorales\u201d.<\/p>\n\n\n\n<p>Asimismo, fue \u201corquestado por el fiscal General del Estado de Oaxaca, Rub\u00e9n Vasconcelos M\u00e9ndez, quien ha convertido a la instituci\u00f3n a su cargo en un instrumento de persecuci\u00f3n en contra de quien considera son sus adversarios pol\u00edticos\u201d.<\/p>\n\n\n\n<figure class=\"wp-block-embed-twitter wp-block-embed is-type-rich is-provider-twitter\"><div class=\"wp-block-embed__wrapper\">\n<div class=\"twitter-tweet\"><blockquote class=\"twitter-tweet\" data-lang=\"es\"><p lang=\"es\" dir=\"ltr\">El senador <a href=\"https:\/\/twitter.com\/salomonj?ref_src=twsrc%5Etfw\">@salomonj<\/a> promover\u00e1 juicio pol\u00edtico en contra del fiscal general de <a href=\"https:\/\/twitter.com\/hashtag\/Oaxaca?src=hash&amp;ref_src=twsrc%5Etfw\">#Oaxaca<\/a> por delitos contra la administraci\u00f3n de justicia.<a href=\"https:\/\/t.co\/hmkbEHO8gK\">https:\/\/t.co\/hmkbEHO8gK<\/a> <a href=\"https:\/\/t.co\/8QxKK6lCrd\">pic.twitter.com\/8QxKK6lCrd<\/a><\/p>&mdash; Senadores Morena (@MorenaSenadores) <a href=\"https:\/\/twitter.com\/MorenaSenadores\/status\/1189730962386456576?ref_src=twsrc%5Etfw\">31 de octubre de 2019<\/a><\/blockquote><\/div>\n<\/div><\/figure>\n\n\n\n<p>En un comunicado, Jara Cruz exigi\u00f3 la\ninmediata liberaci\u00f3n del edil y absoluto respeto al debido proceso penal, ya\nque \u201chasta ahora el fiscal se ha ocupado m\u00e1s en distribuir un comunicado\nirresponsable que da por hecho la culpabilidad penal de Garc\u00eda Vel\u00e1squez, en\nlugar de realizar una investigaci\u00f3n que sustente sus acusaciones\u201d.<\/p>\n\n\n\n<p>Jara Cruz dijo que es grave que el\nresponsable de la procuraci\u00f3n de justicia en la entidad se destaque por su\nineficacia para investigar y perseguir temas graves como los casos de\nfeminicidio en la entidad y m\u00e1s grave a\u00fan que manipule los criterios para su\nclasificaci\u00f3n con la intenci\u00f3n de aparentar la disminuci\u00f3n del impacto de la\nincidencia criminal ante la opini\u00f3n p\u00fablica.<\/p>\n\n\n\n<p>En este sentido -dijo- demandar\u00e1 que la\nFiscal\u00eda General de la Rep\u00fablica que atraiga el caso y realice una\ninvestigaci\u00f3n apegada a derecho, profesional y cient\u00edfica, la cual no\nencontrar\u00e1 elementos que sustenten la acusaci\u00f3n contra Garc\u00eda Vel\u00e1squez, pero\ns\u00ed en cambio encontrar\u00e1 indicios de la probable comisi\u00f3n de delitos contra la\nadministraci\u00f3n de justicia por parte de los funcionarios estatales implicados,\ny con la complacencia del fiscal General de la entidad.<\/p>\n\n\n\n<p>Enfatiz\u00f3 que si se corrobora que las carpetas de investigaci\u00f3n que involucran al presidente municipal de Jalapa de D\u00edaz fueron fabricadas y que se le sembr\u00f3 evidencia, \u201cpromoveremos un juicio pol\u00edtico en contra del fiscal Rub\u00e9n Vasconcelos M\u00e9ndez a fin de que se le finquen responsabilidades penales. <\/p>\n\n\n\n<figure class=\"wp-block-embed-twitter wp-block-embed is-type-rich is-provider-twitter\"><div class=\"wp-block-embed__wrapper\">\n<div class=\"twitter-tweet\"><blockquote class=\"twitter-tweet\" data-lang=\"es\"><p lang=\"es\" dir=\"ltr\">Solicitar\u00e9 a la <a href=\"https:\/\/twitter.com\/FGRMexico?ref_src=twsrc%5Etfw\">@FGRMexico<\/a> atraiga este caso a fin de que realice una investigaci\u00f3n apegada a derecho, dado que la integridad de Vasconcelos M\u00e9ndez. De comprobarse la comisi\u00f3n de delitos contra la administraci\u00f3n de justicia, promoveremos juicio pol\u00edtico contra el Fiscal. <a href=\"https:\/\/t.co\/0bpZn6xTvx\">pic.twitter.com\/0bpZn6xTvx<\/a><\/p>&mdash; Salom\u00f3n Jara Cruz (@salomonj) <a href=\"https:\/\/twitter.com\/salomonj\/status\/1189644406762037248?ref_src=twsrc%5Etfw\">30 de octubre de 2019<\/a><\/blockquote><\/div>\n<\/div><\/figure>\n\n\n\n<p>\u201cLas y los oaxaque\u00f1os exigen\nfuncionarios eficaces y comprometidos con la vigencia del Estado de Derecho y\ncon la recuperaci\u00f3n de la paz y la seguridad\u201d, dijo.<\/p>\n\n\n\n<p>Precis\u00f3 que \u201cno es la primera vez que\nla incompetencia del fiscal General en Oaxaca se denota\u201d, como sucede con los\nasesinatos sin esclarecer del ex candidato a diputado local por Morena, Emigdio\nL\u00f3pez Avenda\u00f1o, Sa\u00fal V\u00e1squez Villegas, Olga Lidia V\u00e1squez S\u00e1nchez, Apuleyo Cruz\ny Florencio Ram\u00edrez ocurridos en junio de 2018.<\/p>\n\n\n\n<p>Otro caso similar es el de Alejandro\nAparicio Santiago y Perfecto Hern\u00e1ndez Guti\u00e9rrez alcalde y s\u00edndico de Tlaxiaco,\nOaxaca que a nueve meses de haber sido asesinados a\u00fan contin\u00faa sin llevarse\nante la justicia a los responsables.<\/p>\n\n\n\n<p>\u201cEl Fiscal General de Oaxaca debe\nexplicar porque no se est\u00e1 trabajando para esclarecer estos cr\u00edmenes, mientras\nen contraste se siembra evidencias para persecuciones pol\u00edticas\u201d, finaliz\u00f3 Jara\nCruz.<\/p>\n","protected":false},"excerpt":{"rendered":"<p>Redacci\u00f3n\/Zona Roja. Oaxaca de Ju\u00e1rez, Oax., 31 de octubre de 2019.- Por m\u00faltiples pifias en&hellip;<\/p>\n","protected":false},"author":2,"featured_media":2449,"comment_status":"closed","ping_status":"open","sticky":false,"template":"","format":"standard","meta":{"_lmt_disableupdate":"","_lmt_disable":"","_jetpack_memberships_contains_paid_content":false,"footnotes":""},"categories":[109,47],"tags":[939],"class_list":["post-5291","post","type-post","status-publish","format-standard","has-post-thumbnail","hentry","category-minuto-a-minuto","category-zona-gris","tag-salomon-jara-cruz"],"jetpack_featured_media_url":"https:\/\/zonaroja.com.mx\/wp-content\/uploads\/2019\/07\/Fiscal-General-Rub\u00e9n-Vasconcelos-M\u00e9ndez-1.jpg","jetpack_sharing_enabled":true,"_links":{"self":[{"href":"https:\/\/zonaroja.com.mx\/index.php?rest_route=\/wp\/v2\/posts\/5291","targetHints":{"allow":["GET"]}}],"collection":[{"href":"https:\/\/zonaroja.com.mx\/index.php?rest_route=\/wp\/v2\/posts"}],"about":[{"href":"https:\/\/zonaroja.com.mx\/index.php?rest_route=\/wp\/v2\/types\/post"}],"author":[{"embeddable":true,"href":"https:\/\/zonaroja.com.mx\/index.php?rest_route=\/wp\/v2\/users\/2"}],"replies":[{"embeddable":true,"href":"https:\/\/zonaroja.com.mx\/index.php?rest_route=%2Fwp%2Fv2%2Fcomments&post=5291"}],"version-history":[{"count":1,"href":"https:\/\/zonaroja.com.mx\/index.php?rest_route=\/wp\/v2\/posts\/5291\/revisions"}],"predecessor-version":[{"id":5292,"href":"https:\/\/zonaroja.com.mx\/index.php?rest_route=\/wp\/v2\/posts\/5291\/revisions\/5292"}],"wp:featuredmedia":[{"embeddable":true,"href":"https:\/\/zonaroja.com.mx\/index.php?rest_route=\/wp\/v2\/media\/2449"}],"wp:attachment":[{"href":"https:\/\/zonaroja.com.mx\/index.php?rest_route=%2Fwp%2Fv2%2Fmedia&parent=5291"}],"wp:term":[{"taxonomy":"category","embeddable":true,"href":"https:\/\/zonaroja.com.mx\/index.php?rest_route=%2Fwp%2Fv2%2Fcategories&post=5291"},{"taxonomy":"post_tag","embeddable":true,"href":"https:\/\/zonaroja.com.mx\/index.php?rest_route=%2Fwp%2Fv2%2Ftags&post=5291"}],"curies":[{"name":"wp","href":"https:\/\/api.w.org\/{rel}","templated":true}]}}