{"id":52912,"date":"2023-03-17T07:16:29","date_gmt":"2023-03-17T13:16:29","guid":{"rendered":"http:\/\/www.zonaroja.com.mx\/?p=52912"},"modified":"2023-03-17T07:16:31","modified_gmt":"2023-03-17T13:16:31","slug":"en-dos-cateos-en-el-istmo-fiscalia-de-oaxaca-detiene-a-5-personas","status":"publish","type":"post","link":"https:\/\/zonaroja.com.mx\/?p=52912","title":{"rendered":"En dos cateos en el Istmo, Fiscal\u00eda de Oaxaca detiene a 5 personas"},"content":{"rendered":"\n<p>Redacci\u00f3n\/Zona Roja.\u00a0Foto: Archivo<\/p>\n\n\n\n<p>Oaxaca de Ju\u00e1rez, Oax., a 17 de marzo de 2023.- &nbsp;La Fiscal\u00eda General del Estado de Oaxaca (FGEO), a trav\u00e9s de la Agencia Estatal de Investigaciones (AEI) y en coordinaci\u00f3n con la Guardia Nacional, la Secretar\u00eda de Marina, Secretar\u00eda de la Defensa Nacional as\u00ed como la Secretar\u00eda de Seguridad P\u00fablica y Protecci\u00f3n Ciudadana, realizaron dos cateos en la regi\u00f3n del Istmo de Tehuantepec, derivado de los cuales se logr\u00f3 la detenci\u00f3n de cinco personas, drogas, armas, dinero en efectivo, entre otros objetos.<\/p>\n\n\n\n<p>El primer cateo se realiz\u00f3 en un domicilio ubicado en la colonia Centro, del puerto de Salina Cruz, a donde elementos de las instituciones antes mencionadas, ingresaron durante la madrugada del s\u00e1bado 11 de marzo.<\/p>\n\n\n\n<p>En las diligencias, los agentes investigadores y polic\u00edas encontraron 102 bolsitas con sustancias que en apariencia son drogas y podr\u00edan tratarse de mariguana, cristal y coca\u00edna, las cuales se encuentran en an\u00e1lisis pericial.<\/p>\n\n\n\n<p>De la misma forma, en el lugar fueron halladas tres personas, una de las cuales qued\u00f3 a disposici\u00f3n de la Fiscal\u00eda General del Estado y dos m\u00e1s de la Fiscal\u00eda General de la Rep\u00fablica (FGR); adem\u00e1s de haberse confiscado una pistola calibre 9 mil\u00edmetros.<\/p>\n\n\n\n<p>En seguimiento al caso, la FGEO obtuvo la vinculaci\u00f3n a proceso en contra de la persona identificada como E. P. V., quien qued\u00f3 en prisi\u00f3n preventiva mientras se da el cierre de las investigaciones por el delito contra la salud en su modalidad de narcomenudeo en su hip\u00f3tesis de posesi\u00f3n de cannabis sativa, metanfetamina y coca\u00edna con fines de comercio.<\/p>\n\n\n\n<p>El segundo cateo se realiz\u00f3 durante la ma\u00f1ana de este 15 de marzo de 2023, en cuatro domicilios ubicados en la poblaci\u00f3n de San Luis Rey, perteneciente al municipio de Santo Domingo Tehuantepec, y el municipio de Santa Mar\u00eda Mixtequilla, ambos en la regi\u00f3n del Istmo.<\/p>\n\n\n\n<p>Como resultado del despliegue policial, se logr\u00f3 la detenci\u00f3n de dos personas del sexo masculino, adem\u00e1s del aseguramiento de aproximadamente 20 kilogramos de mariguana, diversas dosis de coca\u00edna, tres armas de fuego de diferentes calibres, cartuchos \u00fatiles, dinero en efectivo, entre otros objetos.<\/p>\n\n\n\n<p>FALLO VS. FEMINICIDA<\/p>\n\n\n\n<p>Por otra parte, la Fiscal\u00eda General del Estado de Oaxaca (FGEO) obtuvo fallo condenatorio contra la persona del sexo masculino identificada como O. V. G., por los delitos de feminicidio y homicidio calificado en grado de tentativa, cometidos en Putla Villa de Guerrero.<\/p>\n\n\n\n<p>De acuerdo con la carpeta de investigaci\u00f3n, los hechos ocurrieron el 6 de junio de 2022, cuando O. V. G. agredi\u00f3 con un arma punzo cortante (cuchillo) a la v\u00edctima, una mujer identificada como M. C. N. A. cuando ella sal\u00eda de su domicilio, y derivado de las lesiones infligidas, perdi\u00f3 la vida.<\/p>\n\n\n\n<p>Durante la agresi\u00f3n, el hijo de la v\u00edctima (E. A. V. N.) trat\u00f3 de auxiliarla, pero sufri\u00f3 heridas en diferentes partes del cuerpo, las cuales fueron provocadas por el mismo agresor.<\/p>\n\n\n\n<p>Al tener conocimiento de los hechos, la FGEO atrajo el caso a trav\u00e9s de la Vicefiscal\u00eda Regional de la Mixteca que aport\u00f3 las pruebas suficientes para que se otorgara una orden de aprehensi\u00f3n que permiti\u00f3 la detenci\u00f3n del imputado.<\/p>\n\n\n\n<p>Como resultado de las investigaciones encabezadas por la FGEO, en audiencia de lectura de fallo deliberatorio, el Tribunal de Enjuiciamiento dict\u00f3 fallo condenatorio en contra de O. V. G. como responsable en la comisi\u00f3n de los delitos de feminicidio y homicidio calificado en grado de tentativa.<\/p>\n\n\n\n<p>VINCULADO A PROCESO<\/p>\n\n\n\n<p>En otro caso, la Fiscal\u00eda General obtuvo vinculaci\u00f3n a proceso contra un hombre identificado por las iniciales G. J. M. L., por el delito de violaci\u00f3n agravada en que la v\u00edctima es una adolescente, cometido cuando el imputado se desempe\u00f1aba como director del Centro de Intervenci\u00f3n Integral Contra las Adicciones \u201cShalom, Misi\u00f3n Divina\u201d, lugar en el que ocurrieron los hechos.<\/p>\n\n\n\n<p>De acuerdo con las investigaciones realizadas por la FGEO, a trav\u00e9s de la Fiscal\u00eda Especializada para la Atenci\u00f3n a Delitos Contra la Mujer por Raz\u00f3n de G\u00e9nero, el delito se configur\u00f3 en distintas ocasiones durante 2022, cuando la v\u00edctima contaba con 14 a\u00f1os de edad y estaba ingresada en dicho establecimiento.<\/p>\n\n\n\n<p>Luego de denunciar los hechos y tras aportar pruebas contra del imputado, la Fiscal\u00eda obtuvo la orden de aprehensi\u00f3n que se ejecut\u00f3 en contra de G. J. M. L., quien fue presentado ante el Juez que atiende la causa, que determin\u00f3 vincularlo a proceso, adem\u00e1s que impuso prisi\u00f3n preventiva y otorg\u00f3 dos meses para el cierre de las investigaciones.<\/p>\n","protected":false},"excerpt":{"rendered":"<p>Redacci\u00f3n\/Zona Roja.\u00a0Foto: Archivo Oaxaca de Ju\u00e1rez, Oax., a 17 de marzo de 2023.- &nbsp;La Fiscal\u00eda&hellip;<\/p>\n","protected":false},"author":2,"featured_media":48186,"comment_status":"closed","ping_status":"open","sticky":false,"template":"","format":"standard","meta":{"_lmt_disableupdate":"","_lmt_disable":"","_jetpack_memberships_contains_paid_content":false,"footnotes":""},"categories":[109,46],"tags":[494],"class_list":["post-52912","post","type-post","status-publish","format-standard","has-post-thumbnail","hentry","category-minuto-a-minuto","category-zona-blanca","tag-fiscalia-general-del-estado-de-oaxaca"],"jetpack_featured_media_url":"https:\/\/zonaroja.com.mx\/wp-content\/uploads\/2022\/11\/AEI-Agencia-Estatal-Investigaciones.jpeg","jetpack_sharing_enabled":true,"_links":{"self":[{"href":"https:\/\/zonaroja.com.mx\/index.php?rest_route=\/wp\/v2\/posts\/52912","targetHints":{"allow":["GET"]}}],"collection":[{"href":"https:\/\/zonaroja.com.mx\/index.php?rest_route=\/wp\/v2\/posts"}],"about":[{"href":"https:\/\/zonaroja.com.mx\/index.php?rest_route=\/wp\/v2\/types\/post"}],"author":[{"embeddable":true,"href":"https:\/\/zonaroja.com.mx\/index.php?rest_route=\/wp\/v2\/users\/2"}],"replies":[{"embeddable":true,"href":"https:\/\/zonaroja.com.mx\/index.php?rest_route=%2Fwp%2Fv2%2Fcomments&post=52912"}],"version-history":[{"count":1,"href":"https:\/\/zonaroja.com.mx\/index.php?rest_route=\/wp\/v2\/posts\/52912\/revisions"}],"predecessor-version":[{"id":52913,"href":"https:\/\/zonaroja.com.mx\/index.php?rest_route=\/wp\/v2\/posts\/52912\/revisions\/52913"}],"wp:featuredmedia":[{"embeddable":true,"href":"https:\/\/zonaroja.com.mx\/index.php?rest_route=\/wp\/v2\/media\/48186"}],"wp:attachment":[{"href":"https:\/\/zonaroja.com.mx\/index.php?rest_route=%2Fwp%2Fv2%2Fmedia&parent=52912"}],"wp:term":[{"taxonomy":"category","embeddable":true,"href":"https:\/\/zonaroja.com.mx\/index.php?rest_route=%2Fwp%2Fv2%2Fcategories&post=52912"},{"taxonomy":"post_tag","embeddable":true,"href":"https:\/\/zonaroja.com.mx\/index.php?rest_route=%2Fwp%2Fv2%2Ftags&post=52912"}],"curies":[{"name":"wp","href":"https:\/\/api.w.org\/{rel}","templated":true}]}}