{"id":52921,"date":"2023-03-17T08:31:52","date_gmt":"2023-03-17T14:31:52","guid":{"rendered":"http:\/\/www.zonaroja.com.mx\/?p=52921"},"modified":"2023-03-17T08:31:54","modified_gmt":"2023-03-17T14:31:54","slug":"otra-vez-reacciona-tarde-gobierno-de-oaxaca-ante-caso-de-discriminacion-escolar-en-manialtepec","status":"publish","type":"post","link":"https:\/\/zonaroja.com.mx\/?p=52921","title":{"rendered":"\u00a1Otra vez! Reacciona tarde gobierno de Oaxaca ante caso de discriminaci\u00f3n escolar en Manialtepec"},"content":{"rendered":"\n<p>Redacci\u00f3n\/Zona Roja.<\/p>\n\n\n\n<p>Oaxaca de Ju\u00e1rez, Oax., a 17 de marzo de 2023.- A pesar de que el conflicto inici\u00f3 desde enero pasado y se intensific\u00f3 hace una semana, el gobierno de Oaxaca reaccion\u00f3 apenas ayer sobre el caso de la menor que sufre discriminaci\u00f3n y le impiden ingresar a una escuela de la regi\u00f3n Costa y dijo que apoya las indagatorias del caso.<\/p>\n\n\n\n<p>Se trata de la adolescente Paola E. R. H., a quien le han impedido reiteradamente ingresar a la escuela con uniforme escolar distinto al de las mujeres, es decir con pantal\u00f3n, a la Telesecundaria \u201cJos\u00e9 Vasconcelos\u201d, de San Jos\u00e9 Manialtepec, localidad del municipio de Villa de Tututepec.<\/p>\n\n\n\n<p>Desde hace varias semanas, la madre ha denunciado el \u201cbullyng\u201d, acoso y discriminaci\u00f3n en contra de su hija, por utilizar pantal\u00f3n en lugar de falda escolar, por lo cual le han impedido, tanto los docentes como la directora Sara Monjaraz D\u00edaz, ingresar al plantel.<\/p>\n\n\n\n<p>Seg\u00fan la madre, desde el pasado 17 de enero iniciaron los actos de discriminaci\u00f3n en contra de su hija, por su identificad de g\u00e9nero, y desde el 23 de ese mes le han impedido el ingreso; lo mismo ocurri\u00f3 de nuevo el 6 de marzo.&nbsp;<\/p>\n\n\n\n<p>Tras ello ha mantenido una lucha lega, interponiendo quejas ante la Defensor\u00eda de los Derechos Humanos y denuncias ante la Fiscal\u00eda General del Estado de Oaxaca.<\/p>\n\n\n\n<p>Pese a que el Juzgado Segundo de Distrito en el estado otorg\u00f3 la suspensi\u00f3n provisional en el juicio de amparo 151\/2023 y orden\u00f3 a las autoridades educativas permitir el acceso a su hija a la escuela con el uniforme de su preferencia, padres y directivos de la Telesecundaria lo han impedido.<\/p>\n\n\n\n<p>DESPIERTA GOBIERNO<\/p>\n\n\n\n<p>Apenas ayer, e el Gobierno del Estado de Oaxaca a trav\u00e9s de la Coordinaci\u00f3n para la Atenci\u00f3n de los Derechos Humanos del Poder Ejecutivo (CADH), inform\u00f3 en un comunicado que atiende el caso.<\/p>\n\n\n\n<p>\u201cLa administraci\u00f3n estatal informa que se estableci\u00f3 comunicaci\u00f3n con la madre de la persona menor de edad, a quien se le ofreci\u00f3 el acompa\u00f1amiento legal, psicol\u00f3gico y social ante la situaci\u00f3n en la que se encuentran inmersas.<\/p>\n\n\n\n<p>\u201cEn una carta dirigida al Gobernador del Estado, Salom\u00f3n Jara Cruz la adolescente P.E.R.H. solicit\u00f3 la intervenci\u00f3n del Gobierno del Estado, pues aduce que ha sido v\u00edctima de discriminaci\u00f3n y que le han negado el acceso a la educaci\u00f3n, por el simple hecho de ejercer un derecho b\u00e1sico como lo es el vestirse de la manera que ella elija y le es m\u00e1s c\u00f3moda.<\/p>\n\n\n\n<p>\u201cLa adolescente inform\u00f3 que decidi\u00f3 usar el pantal\u00f3n escolar como uniforme, contrario a lo que com\u00fanmente se estila en esa comunidad, en donde las mujeres llevan la falda escolar. Esta decisi\u00f3n, adem\u00e1s de provocar burlas por parte de sus compa\u00f1eros y compa\u00f1eras, ocasion\u00f3 que los padres y madres de familia le negaran el acceso al plantel educativo y, en una medida m\u00e1s extrema, decidieran cerrar la escuela.<\/p>\n\n\n\n<figure class=\"wp-block-embed is-type-rich is-provider-twitter wp-block-embed-twitter\"><div class=\"wp-block-embed__wrapper\">\n<div class=\"twitter-tweet\"><blockquote class=\"twitter-tweet\" data-lang=\"es\"><p lang=\"es\" dir=\"ltr\">Tras el esc\u00e1ndalo medi\u00e1tico nacional y a m\u00e1s de una semana que escal\u00f3 el conflicto, el <a href=\"https:\/\/twitter.com\/GobOax?ref_src=twsrc%5Etfw\">@GobOax<\/a> asegura que atiende el caso de la estudiante Paola, discriminada por no permitirle ingresar con pantal\u00f3n a la Telesecundaria \u201cJos\u00e9 Vasconcelos\u201d de Manialtepec, Villa de Tututepec. <a href=\"https:\/\/t.co\/KnuzFliGWg\">pic.twitter.com\/KnuzFliGWg<\/a><\/p>&mdash; Zona Roja Oaxaca (@ZonaRoja_Oaxaca) <a href=\"https:\/\/twitter.com\/ZonaRoja_Oaxaca\/status\/1636578577238851586?ref_src=twsrc%5Etfw\">17 de marzo de 2023<\/a><\/blockquote><\/div>\n<\/div><\/figure>\n\n\n\n<p>\u201cEn ese sentido, el Gobierno del Estado recalca la importancia de derribar uno de los tantos estereotipos de g\u00e9nero que a\u00fan persisten en las instituciones educativas y en las comunidades, y es la idea de que las ni\u00f1as y las adolescentes deben vestirse de falda o vestidos y los ni\u00f1os o los adolescentes de pantal\u00f3n, pues estos estereotipos de g\u00e9nero perpet\u00faan las desigualdades, y son un factor que contribuye a la violaci\u00f3n de un amplio abanico de derechos, como el derecho a la identidad de g\u00e9nero, la salud y la educaci\u00f3n\u201d, indic\u00f3.<\/p>\n\n\n\n<p>Record\u00f3 que, en el estado de Oaxaca, ya se reconoce el derecho a la identidad de g\u00e9nero de las adolescencias, pues el C\u00f3digo Civil establece un procedimiento para el reconocimiento de la identidad de g\u00e9nero, a trav\u00e9s del cual, a partir de los 12 a\u00f1os se puede solicitar el levantamiento de una nueva acta de nacimiento, en aquellos casos en los que las personas se auto perciban con un g\u00e9nero distinto al asignado al nacer.<\/p>\n\n\n\n<p>Personal de distintas \u00e1reas de la administraci\u00f3n gubernamental en la capital oaxaque\u00f1a, parte apenas hoy hacia la zona, con la finalidad de dialogar con las partes involucradas.<\/p>\n\n\n\n<p>INTERVIENE LA DDPHO<\/p>\n\n\n\n<p>Por su parte, la Defensor\u00eda de los Derechos Humanos del Pueblo de Oaxaca (DDHPO) tambi\u00e9n emiti\u00f3 ayer su comunicado e hizo un llamado a las instituciones educativas en la entidad a considerar el uso de \u201cuniforme escolar neutro\u201d para que las y los estudiantes elijan libremente portar pantal\u00f3n o falda para asistir a clases.<\/p>\n\n\n\n<p>Puntualiz\u00f3 que las y los estudiantes tienen derecho a tomar la decisi\u00f3n de usar falda o pantal\u00f3n sin ser juzgados ni discriminados.<\/p>\n\n\n\n<p>La DDHPO indic\u00f3 que respecto a las estudiantes mujeres,&nbsp; es una acci\u00f3n afirmativa en favor de la igualdad,&nbsp; el que ellas puedan portar pantalones (si as\u00ed lo desean) en las instituciones educativas.<\/p>\n\n\n\n<p>Agreg\u00f3 que este tipo de medidas &nbsp;contribuyen a la defensa de los derechos humanos de las estudiantes, as\u00ed tambi\u00e9n permite establecer condiciones de igualdad y coadyuva con la eliminaci\u00f3n de estereotipos de g\u00e9nero.<\/p>\n\n\n\n<p>El \u00f3rgano aut\u00f3nomo indic\u00f3 que la medida fue implementada en 2019 por el gobierno de la Ciudad de M\u00e9xico y la Secretar\u00eda de Educaci\u00f3n P\u00fablica. En el estado la acci\u00f3n fue adoptada por el Colegio de Estudios Cient\u00edficos y Tecnol\u00f3gicos del Estado de Oaxaca (Cecyteo) en ese mismo a\u00f1o.<\/p>\n\n\n\n<p>La instituci\u00f3n defensora de derechos humanos se\u00f1al\u00f3 que el uso del \u201cuniforme escolar neutro\u201d desde un reconocimiento del libre desarrollo de la personalidad, de la igualdad de g\u00e9nero y de la dignidad intr\u00ednseca del ser humano con independencia de su sexo, orientaci\u00f3n sexual o identidad de g\u00e9nero; implica &nbsp;que las ni\u00f1as, ni\u00f1os y adolescentes puedan usar el tipo de ropa que evite perpetuar estereotipos y roles de g\u00e9nero.<\/p>\n\n\n\n<p>CONFIRMA A\u00d1EJA QUEJA<\/p>\n\n\n\n<p>En este sentido, la Defensor\u00eda expuso que, recibi\u00f3 la solicitud de intervenci\u00f3n por parte de familiares de la menor de edad P.E.R.H., quienes afirmaron que la adolescente, desde el 17 de enero de 2023, est\u00e1 siendo objeto de pr\u00e1cticas discriminatorias a causa de su identidad de g\u00e9nero, por lo que se le ha estado impidiendo el pleno ejercicio al derecho a la educaci\u00f3n en la escuela Telesecundaria de la comunidad de San Jos\u00e9 Manialtepec, Tututepec, Oaxaca, debido a que no utiliza el uniforme de las estudiantes.<\/p>\n\n\n\n<p>Debido a esto la Defensor\u00eda inici\u00f3 el expediente de queja DDHPO\/002\/RC\/(11)\/OAX\/2023, en la cual solicit\u00f3 al Instituto Estatal de Educaci\u00f3n P\u00fablica de Oaxaca (IEEPO) la adopci\u00f3n de una medida cautelar, a fin de&nbsp; garantizar el derecho a la educaci\u00f3n de la estudiante permiti\u00e9ndole el acceso al plantel educativo sin condicionamiento alguno, esto con el objetivo de proteger el inter\u00e9s superior de la ni\u00f1ez.<\/p>\n\n\n\n<p>Dentro de la misma medida, el \u00f3rgano aut\u00f3nomo solicit\u00f3 al IEEPO realizar&nbsp; la inscripci\u00f3n de la adolescente, pues al investigar, el organismo detect\u00f3 que a\u00fan no se hab\u00eda realizado el proceso formal.<\/p>\n","protected":false},"excerpt":{"rendered":"<p>Redacci\u00f3n\/Zona Roja. Oaxaca de Ju\u00e1rez, Oax., a 17 de marzo de 2023.- A pesar de&hellip;<\/p>\n","protected":false},"author":2,"featured_media":52922,"comment_status":"closed","ping_status":"open","sticky":false,"template":"","format":"standard","meta":{"_lmt_disableupdate":"","_lmt_disable":"","_jetpack_memberships_contains_paid_content":false,"footnotes":""},"categories":[109,47],"tags":[3467],"class_list":["post-52921","post","type-post","status-publish","format-standard","has-post-thumbnail","hentry","category-minuto-a-minuto","category-zona-gris","tag-san-jose-manialtepec"],"jetpack_featured_media_url":"https:\/\/zonaroja.com.mx\/wp-content\/uploads\/2023\/03\/Acoso-escolar-Manialtepec-Villa-de-Tututepec.jpg","jetpack_sharing_enabled":true,"_links":{"self":[{"href":"https:\/\/zonaroja.com.mx\/index.php?rest_route=\/wp\/v2\/posts\/52921","targetHints":{"allow":["GET"]}}],"collection":[{"href":"https:\/\/zonaroja.com.mx\/index.php?rest_route=\/wp\/v2\/posts"}],"about":[{"href":"https:\/\/zonaroja.com.mx\/index.php?rest_route=\/wp\/v2\/types\/post"}],"author":[{"embeddable":true,"href":"https:\/\/zonaroja.com.mx\/index.php?rest_route=\/wp\/v2\/users\/2"}],"replies":[{"embeddable":true,"href":"https:\/\/zonaroja.com.mx\/index.php?rest_route=%2Fwp%2Fv2%2Fcomments&post=52921"}],"version-history":[{"count":1,"href":"https:\/\/zonaroja.com.mx\/index.php?rest_route=\/wp\/v2\/posts\/52921\/revisions"}],"predecessor-version":[{"id":52923,"href":"https:\/\/zonaroja.com.mx\/index.php?rest_route=\/wp\/v2\/posts\/52921\/revisions\/52923"}],"wp:featuredmedia":[{"embeddable":true,"href":"https:\/\/zonaroja.com.mx\/index.php?rest_route=\/wp\/v2\/media\/52922"}],"wp:attachment":[{"href":"https:\/\/zonaroja.com.mx\/index.php?rest_route=%2Fwp%2Fv2%2Fmedia&parent=52921"}],"wp:term":[{"taxonomy":"category","embeddable":true,"href":"https:\/\/zonaroja.com.mx\/index.php?rest_route=%2Fwp%2Fv2%2Fcategories&post=52921"},{"taxonomy":"post_tag","embeddable":true,"href":"https:\/\/zonaroja.com.mx\/index.php?rest_route=%2Fwp%2Fv2%2Ftags&post=52921"}],"curies":[{"name":"wp","href":"https:\/\/api.w.org\/{rel}","templated":true}]}}