{"id":52924,"date":"2023-03-17T11:31:00","date_gmt":"2023-03-17T17:31:00","guid":{"rendered":"http:\/\/www.zonaroja.com.mx\/?p=52924"},"modified":"2023-03-17T08:34:21","modified_gmt":"2023-03-17T14:34:21","slug":"vive-oaxaca-100-dias-sin-gobierno-sin-dialogo-y-plagado-de-inseguridad-senala-diputada","status":"publish","type":"post","link":"https:\/\/zonaroja.com.mx\/?p=52924","title":{"rendered":"Vive Oaxaca 100 d\u00edas sin gobierno, sin di\u00e1logo y plagado de inseguridad, se\u00f1ala diputada"},"content":{"rendered":"\n<p>Yuridiana Sosa\/Zona Roja.<\/p>\n\n\n\n<p>Oaxaca de Ju\u00e1rez, Oax., a 17 de marzo de 2023.- Al cumplirse los 100 d\u00edas de gobierno de Salom\u00f3n Jara, su administraci\u00f3n carece de gobernabilidad, con funcionarios sin preparaci\u00f3n, sin planes en los programas, sin di\u00e1logo, mientras que el estado de hunde en la inseguridad, se\u00f1al\u00f3 la Mar\u00eda Luisa Matus Fuentes ente el pleno del Congreso de Oaxaca.<\/p>\n\n\n\n<p>La legisladora expuso durante la sesi\u00f3n de este mi\u00e9rcoles, y desde un an\u00e1lisis propio, la situaci\u00f3n que enfrenta el estado desde el 1 de diciembre, y a m\u00e1s de tres meses la autoridad no ha cumplido con las altas expectativas del cambio que prometi\u00f3 a la ciudadan\u00eda.<\/p>\n\n\n\n<p>Hasta ahora, dijo, la administraci\u00f3n no ha dado luces de estabilidad, pues ganar una elecci\u00f3n no significa ser buen gobernante, \u201cel gobierno se construye, no aparece por magia\u201d, ni tampoco le ir\u00e1 mejor a Oaxaca con s\u00f3lo imitar actos, frases y gestos del presidente de la Rep\u00fablica.<\/p>\n\n\n\n<p>IMPROVISADOS<\/p>\n\n\n\n<p>Para avanzar en la estabilidad de Oaxaca, la diputada indic\u00f3 que es necesario que el gobierno construya puentes entre los sectores de la sociedad y no hacer m\u00e1s profundas las divisiones.<\/p>\n\n\n\n<p>Sin embargo, es notario que en el gabinete como en otras \u00e1reas existen funcionarios y funcionarias con desconocimiento de la administraci\u00f3n p\u00fablica, que en vez de dise\u00f1ar planes de pol\u00edtica p\u00fablicas y reglas de operaciones de los programas, solo promueven su imagen. De ah\u00ed que existe inoperancia en los programas estatales.<\/p>\n\n\n\n<figure class=\"wp-block-embed is-type-rich is-provider-twitter wp-block-embed-twitter\"><div class=\"wp-block-embed__wrapper\">\n<div class=\"twitter-tweet\"><blockquote class=\"twitter-tweet\" data-lang=\"es\"><p lang=\"es\" dir=\"ltr\">El estado enfrenta una terrible crisis de inseguridad, hay funcionarios sin preparaci\u00f3n, no hay reglas de operaci\u00f3n de los programas, no es posible permitir la presencia impune de la delincuencia organizada\u2026: diputada <a href=\"https:\/\/twitter.com\/Maria_Matus?ref_src=twsrc%5Etfw\">@Maria_Matus<\/a> ayer en en el <a href=\"https:\/\/twitter.com\/CongresoOaxaca_?ref_src=twsrc%5Etfw\">@CongresoOaxaca_<\/a>, sobre <a href=\"https:\/\/twitter.com\/salomonj?ref_src=twsrc%5Etfw\">@salomonj<\/a>. <a href=\"https:\/\/t.co\/DMTetOh9DJ\">pic.twitter.com\/DMTetOh9DJ<\/a><\/p>&mdash; Zona Roja Oaxaca (@ZonaRoja_Oaxaca) <a href=\"https:\/\/twitter.com\/ZonaRoja_Oaxaca\/status\/1636447708511870976?ref_src=twsrc%5Etfw\">16 de marzo de 2023<\/a><\/blockquote><\/div>\n<\/div><\/figure>\n\n\n\n<p>Ante las ineficacias, agreg\u00f3, la autoridad ha optado por culpar a administraciones pasadas sobre el caos que existe, o de existir dichas responsabilidades entonces que procede legalmente para que paguen los responsables.<\/p>\n\n\n\n<p>INSEGURIDAD<\/p>\n\n\n\n<p>Matus Fuentes apunt\u00f3 como grave la crisis de inseguridad que vive y percibe la sociedad, empezando por la ola de feminicidios.<\/p>\n\n\n\n<p>\u201cEs desastroso y lamentable que sigamos haciendo uso de la tribuna para denunciar esta situaci\u00f3n, es urgente que las instancias de prevenci\u00f3n y justicia se pongan a trabajar para dar resultados a las mujeres y a la sociedad\u201d, expres\u00f3.<\/p>\n\n\n\n<p>A ello agreg\u00f3: \u201cNo es posible permitir la normalizaci\u00f3n de los muertos y la presencia impune de la delincuencia organizada\u201d, asever\u00f3 en su intervenci\u00f3n.<\/p>\n\n\n\n<p>La falta de di\u00e1logo con la sociedad qued\u00f3 demostrada, con la complicidad de algunos diputados, en la selecci\u00f3n del titular de la Comisi\u00f3n de V\u00edctimas, a quien los colectivos supuestamente consultados desconocieron, record\u00f3.<\/p>\n\n\n\n<p>\u201cManifiesto la disposici\u00f3n de trabajar a favor de Oaxaca, pero con un trabajo de consciencia y este Congreso se debe abrir al debate de todas las iniciativas para la perfecci\u00f3n del marco normativo para no tener reveses\u201d, destac\u00f3 la legisladora.<\/p>\n","protected":false},"excerpt":{"rendered":"<p>Yuridiana Sosa\/Zona Roja. Oaxaca de Ju\u00e1rez, Oax., a 17 de marzo de 2023.- Al cumplirse&hellip;<\/p>\n","protected":false},"author":2,"featured_media":52862,"comment_status":"closed","ping_status":"open","sticky":false,"template":"","format":"standard","meta":{"_lmt_disableupdate":"","_lmt_disable":"","_jetpack_memberships_contains_paid_content":false,"footnotes":""},"categories":[109,47],"tags":[3468],"class_list":["post-52924","post","type-post","status-publish","format-standard","has-post-thumbnail","hentry","category-minuto-a-minuto","category-zona-gris","tag-maria-luisa-matus-fuentes"],"jetpack_featured_media_url":"https:\/\/zonaroja.com.mx\/wp-content\/uploads\/2023\/03\/Maria-Luisa-Matus-Fuentes.jpg","jetpack_sharing_enabled":true,"_links":{"self":[{"href":"https:\/\/zonaroja.com.mx\/index.php?rest_route=\/wp\/v2\/posts\/52924","targetHints":{"allow":["GET"]}}],"collection":[{"href":"https:\/\/zonaroja.com.mx\/index.php?rest_route=\/wp\/v2\/posts"}],"about":[{"href":"https:\/\/zonaroja.com.mx\/index.php?rest_route=\/wp\/v2\/types\/post"}],"author":[{"embeddable":true,"href":"https:\/\/zonaroja.com.mx\/index.php?rest_route=\/wp\/v2\/users\/2"}],"replies":[{"embeddable":true,"href":"https:\/\/zonaroja.com.mx\/index.php?rest_route=%2Fwp%2Fv2%2Fcomments&post=52924"}],"version-history":[{"count":1,"href":"https:\/\/zonaroja.com.mx\/index.php?rest_route=\/wp\/v2\/posts\/52924\/revisions"}],"predecessor-version":[{"id":52925,"href":"https:\/\/zonaroja.com.mx\/index.php?rest_route=\/wp\/v2\/posts\/52924\/revisions\/52925"}],"wp:featuredmedia":[{"embeddable":true,"href":"https:\/\/zonaroja.com.mx\/index.php?rest_route=\/wp\/v2\/media\/52862"}],"wp:attachment":[{"href":"https:\/\/zonaroja.com.mx\/index.php?rest_route=%2Fwp%2Fv2%2Fmedia&parent=52924"}],"wp:term":[{"taxonomy":"category","embeddable":true,"href":"https:\/\/zonaroja.com.mx\/index.php?rest_route=%2Fwp%2Fv2%2Fcategories&post=52924"},{"taxonomy":"post_tag","embeddable":true,"href":"https:\/\/zonaroja.com.mx\/index.php?rest_route=%2Fwp%2Fv2%2Ftags&post=52924"}],"curies":[{"name":"wp","href":"https:\/\/api.w.org\/{rel}","templated":true}]}}