{"id":5293,"date":"2019-10-31T08:03:52","date_gmt":"2019-10-31T14:03:52","guid":{"rendered":"http:\/\/www.zonaroja.com.mx\/?p=5293"},"modified":"2019-10-31T08:03:59","modified_gmt":"2019-10-31T14:03:59","slug":"pactan-crear-un-acuerdo-nacional-para-transformar-la-educacion-superior","status":"publish","type":"post","link":"https:\/\/zonaroja.com.mx\/?p=5293","title":{"rendered":"Pactan crear un acuerdo nacional para transformar la educaci\u00f3n superior"},"content":{"rendered":"\n<p>Redacci\u00f3n\/Zona Roja Cdmx.<\/p>\n\n\n\n<p>Ciudad de M\u00e9xico, 31 de octubre de 2019.-\nConvencidos de que la educaci\u00f3n superior, la ciencia, la tecnolog\u00eda y la\ninnovaci\u00f3n son factores estrat\u00e9gicos en el desarrollo de las naciones,\nlegisladores, rectores de universidades p\u00fablicas, autoridades del gobierno\nfederal y representantes sindicales se pronunciaron por firmar el Acuerdo\nNacional por la Transformaci\u00f3n de la Educaci\u00f3n Superior.<\/p>\n\n\n\n<p>A este encuentro acudi\u00f3 el rector de la\nUniversidad Aut\u00f3noma \u201cBenito Ju\u00e1rez\u201d de Oaxaca, Eduardo Bautista Mart\u00ednez,\nquien particip\u00f3 en las mesas de trabajo.<\/p>\n\n\n\n<p>En la conclusi\u00f3n, los directivos de\ninstituciones educativas plantearon crear una mesa de trabajo plural y\nrepresentativa para dise\u00f1ar una hoja de ruta encaminada a elaborar dicho\nacuerdo nacional y organizar la Convenci\u00f3n Nacional de Educaci\u00f3n Superior el\npr\u00f3ximo a\u00f1o, en la que se definir\u00e1n los compromisos de los diversos actores en\nel campo de la educaci\u00f3n, la ciencia, la tecnolog\u00eda y la innovaci\u00f3n.<\/p>\n\n\n\n<p>En un pronunciamiento surgido del Encuentro Nacional para el Fortalecimiento de la Educaci\u00f3n Superior, se plante\u00f3 que el Presupuesto de Egresos de la Federaci\u00f3n y los de los estados para 2020 incluyan los recursos p\u00fablicos necesarios y se reserve el fondo especial para garantizar la obligatoriedad de la educaci\u00f3n superior.<\/p>\n\n\n\n<figure class=\"wp-block-embed-twitter wp-block-embed is-type-rich is-provider-twitter\"><div class=\"wp-block-embed__wrapper\">\n<div class=\"twitter-tweet\"><blockquote class=\"twitter-tweet\" data-lang=\"es\"><p lang=\"es\" dir=\"ltr\">Rectores y directivos de instituciones educativas del pa\u00eds prev\u00e9n firmar un Acuerdo Nacional para la Educaci\u00f3n Superior, anunci\u00f3 el subsecretario de la <a href=\"https:\/\/twitter.com\/SEP_mx?ref_src=twsrc%5Etfw\">@SEP_mx<\/a>, <a href=\"https:\/\/twitter.com\/LucianoConchier?ref_src=twsrc%5Etfw\">@LucianoConchier<\/a>, en un acto en la Ciudad de M\u00e9xico al que acudi\u00f3 el responsable de la <a href=\"https:\/\/twitter.com\/UABJO?ref_src=twsrc%5Etfw\">@UABJO<\/a>, <a href=\"https:\/\/twitter.com\/Bautistaeduardo?ref_src=twsrc%5Etfw\">@Bautistaeduardo<\/a>. <a href=\"https:\/\/t.co\/C529CsJ93g\">pic.twitter.com\/C529CsJ93g<\/a><\/p>&mdash; Zona Roja Oaxaca (@MexRoja) <a href=\"https:\/\/twitter.com\/MexRoja\/status\/1189322670187384833?ref_src=twsrc%5Etfw\">29 de octubre de 2019<\/a><\/blockquote><\/div>\n<\/div><\/figure>\n\n\n\n<p>Durante dos d\u00edas, en un hecho in\u00e9dito,\nactores involucrados en el tema educativo se reunieron en mesas de trabajo a\nfin de identificar los principales problemas y retos que enfrentan las\ninstituciones p\u00fablicas de educaci\u00f3n superior, expresar sus propuestas de\nsoluci\u00f3n y definir compromisos de todos los actores involucrados, en un intento\npor avanzar en la transformaci\u00f3n del sistema y de las pol\u00edticas del sector.<\/p>\n\n\n\n<p>Resultado de dicho encuentro, convocado\npor el Congreso y la Asociaci\u00f3n Nacional de Universidades e Instituciones de\nEducaci\u00f3n Superior (ANUIES), fue la decisi\u00f3n de construir este acuerdo nacional\nque vaya m\u00e1s all\u00e1 del tema del financiamiento y marque el desarrollo y progreso\ndel pa\u00eds, entendiendo tambi\u00e9n que la educaci\u00f3n superior constituye un bien\np\u00fablico social, un derecho humano y universal y un deber de los estados.<\/p>\n\n\n\n<p>Este acuerdo nacional incluir\u00eda\ndiversas tareas, entre ellas dise\u00f1ar estrategias para cumplir la obligatoriedad\ny ampliaci\u00f3n de la cobertura de educaci\u00f3n superior, mejorar la transparencia y\nla rendici\u00f3n de cuentas, definir un nuevo modelo de financiamiento de car\u00e1cter\nplurianual y avanzar en la creaci\u00f3n de condiciones laborales dignas para los\ntrabajadores acad\u00e9micos y administrativos.<\/p>\n\n\n\n<p>Otro punto del pronunciamiento, dado a\nconocer por el subsecretario de Educaci\u00f3n Superior de la Secretar\u00eda de\nEducaci\u00f3n P\u00fablica, Luciano Concheiro, y el secretario general ejecutivo de la\nAnuies, Jaime Valls, es que la autonom\u00eda universitaria es condici\u00f3n y principio\nfundamental para el buen desarrollo de la educaci\u00f3n superior.<\/p>\n\n\n\n<p>(Con informaci\u00f3n de \u201cLa Jornada\u201d).<\/p>\n","protected":false},"excerpt":{"rendered":"<p>Redacci\u00f3n\/Zona Roja Cdmx. Ciudad de M\u00e9xico, 31 de octubre de 2019.- Convencidos de que la&hellip;<\/p>\n","protected":false},"author":2,"featured_media":5294,"comment_status":"closed","ping_status":"open","sticky":false,"template":"","format":"standard","meta":{"_lmt_disableupdate":"","_lmt_disable":"","_jetpack_memberships_contains_paid_content":false,"footnotes":""},"categories":[109,46],"tags":[360,282],"class_list":["post-5293","post","type-post","status-publish","format-standard","has-post-thumbnail","hentry","category-minuto-a-minuto","category-zona-blanca","tag-rector-eduardo-bautista-martinez","tag-universidad-autonoma-benito-juarez-de-oaxaca"],"jetpack_featured_media_url":"https:\/\/zonaroja.com.mx\/wp-content\/uploads\/2019\/10\/IMG_3317.jpg","jetpack_sharing_enabled":true,"_links":{"self":[{"href":"https:\/\/zonaroja.com.mx\/index.php?rest_route=\/wp\/v2\/posts\/5293","targetHints":{"allow":["GET"]}}],"collection":[{"href":"https:\/\/zonaroja.com.mx\/index.php?rest_route=\/wp\/v2\/posts"}],"about":[{"href":"https:\/\/zonaroja.com.mx\/index.php?rest_route=\/wp\/v2\/types\/post"}],"author":[{"embeddable":true,"href":"https:\/\/zonaroja.com.mx\/index.php?rest_route=\/wp\/v2\/users\/2"}],"replies":[{"embeddable":true,"href":"https:\/\/zonaroja.com.mx\/index.php?rest_route=%2Fwp%2Fv2%2Fcomments&post=5293"}],"version-history":[{"count":1,"href":"https:\/\/zonaroja.com.mx\/index.php?rest_route=\/wp\/v2\/posts\/5293\/revisions"}],"predecessor-version":[{"id":5295,"href":"https:\/\/zonaroja.com.mx\/index.php?rest_route=\/wp\/v2\/posts\/5293\/revisions\/5295"}],"wp:featuredmedia":[{"embeddable":true,"href":"https:\/\/zonaroja.com.mx\/index.php?rest_route=\/wp\/v2\/media\/5294"}],"wp:attachment":[{"href":"https:\/\/zonaroja.com.mx\/index.php?rest_route=%2Fwp%2Fv2%2Fmedia&parent=5293"}],"wp:term":[{"taxonomy":"category","embeddable":true,"href":"https:\/\/zonaroja.com.mx\/index.php?rest_route=%2Fwp%2Fv2%2Fcategories&post=5293"},{"taxonomy":"post_tag","embeddable":true,"href":"https:\/\/zonaroja.com.mx\/index.php?rest_route=%2Fwp%2Fv2%2Ftags&post=5293"}],"curies":[{"name":"wp","href":"https:\/\/api.w.org\/{rel}","templated":true}]}}