{"id":52931,"date":"2023-03-17T19:19:22","date_gmt":"2023-03-18T01:19:22","guid":{"rendered":"http:\/\/www.zonaroja.com.mx\/?p=52931"},"modified":"2023-03-17T19:19:23","modified_gmt":"2023-03-18T01:19:23","slug":"surgen-quejas-de-particulares-ante-megarrobo-del-encierro-municipal-de-oaxaca","status":"publish","type":"post","link":"https:\/\/zonaroja.com.mx\/?p=52931","title":{"rendered":"Surgen quejas de particulares ante megarrobo del encierro municipal de Oaxaca"},"content":{"rendered":"\n<p>Yuridiana Sosa\/Zona Roja.<\/p>\n\n\n\n<p>Oaxaca de Ju\u00e1rez, Oax., a 17 de marzo de 2023.- Contrario a lo que afirma la autoridad, sobre la inexistencia de quejas o denuncias de particulares por el robo de veh\u00edculos del encierro municipal \u201cPrimavera\u201d, en la Defensor\u00eda de los Derechos Humanos del Pueblo de Oaxaca (DDHPO) comenzaron las quejas por la negativa del ayuntamiento a brindar informaci\u00f3n a los particulares y posibles afectados por la sustracci\u00f3n.<\/p>\n\n\n\n<p>De acuerdo a un documento al que tuvo acceso ZONA ROJA, el ayuntamiento de Oaxaca de Ju\u00e1rez ha negado atenci\u00f3n a la solicitud de una mujer, A. M. F., para conocer si tras el suceso dado a conocer a inicios de este mes el veh\u00edculo de su inter\u00e9s sigue o no en resguardo de la autoridad municipal.<\/p>\n\n\n\n<p>Pues, de no encontrarse dicho veh\u00edculo, la autoridad municipal incurr\u00eda en omisi\u00f3n y en una clara violaci\u00f3n de su derecho de acceso a la justicia y la tutela jurisdiccional efectiva, por lo que demand\u00f3 a la Defensor\u00eda de Oaxaca obligar al ayuntamiento brinde la informaci\u00f3n requerida y se permita la revisi\u00f3n ocular para verificar el hecho, en caso de reportar que sigue en el lugar.<\/p>\n\n\n\n<p>La particular A. M. F., de 84 a\u00f1os de edad, refiri\u00f3 que debido a su proceso penal, y como parte de una deuda a su favor por concepto de una pensi\u00f3n vitalicia, el veh\u00edculo del servicio de taxi, del sitio \u201cAlameda\u201d con n\u00famero econ\u00f3mico 246 \u2013m\u00e1s caracter\u00edsticas de n\u00famero de motor y serie- &nbsp;fue embargado de manera f\u00edsica el 25 de marzo de 2021 y llevado al encierro \u201cPrimavera\u201d.<\/p>\n\n\n\n<p>La afectada cuenta como prueba el oficio STM\/AJ\/146\/2021, del 25 de marzo de 2021,&nbsp; firmado por el subdirector de Tr\u00e1nsito y Movilidad, Ren\u00e9 Ric\u00e1rdez Lim\u00f3n, en el que la autoridad acredita&nbsp; que&nbsp; la unidad, bajas las caracter\u00edsticas reportadas, fue depositada en el encierro \u201cPrimavera\u201d.<\/p>\n\n\n\n<p>La queja presentada ante la DDHPO va contra el presidente municipal, Francisco Mart\u00ednez Neri; as\u00ed como el subdirector de Tr\u00e1nsito y Movilidad y el encargado del encierro municipal \u201cPrimavera\u201d.<\/p>\n\n\n\n<p>Fueron m\u00e1s de 800 unidades, entre veh\u00edculos&nbsp;particulares, oficiales, motocicletas y bicicletas, m\u00e1s&nbsp; otros materiales como fierro viejo, depositados en el encierro&nbsp;\u00abPrimavera\u00bb lo que fue sustra\u00eddo de manera&nbsp;ilegal por funcionarios entre marzo y junio de 2022.<\/p>\n","protected":false},"excerpt":{"rendered":"<p>Yuridiana Sosa\/Zona Roja. Oaxaca de Ju\u00e1rez, Oax., a 17 de marzo de 2023.- Contrario a&hellip;<\/p>\n","protected":false},"author":2,"featured_media":52936,"comment_status":"closed","ping_status":"open","sticky":false,"template":"","format":"standard","meta":{"_lmt_disableupdate":"","_lmt_disable":"","_jetpack_memberships_contains_paid_content":false,"footnotes":""},"categories":[109,47],"tags":[148],"class_list":["post-52931","post","type-post","status-publish","format-standard","has-post-thumbnail","hentry","category-minuto-a-minuto","category-zona-gris","tag-oaxaca-de-juarez"],"jetpack_featured_media_url":"https:\/\/zonaroja.com.mx\/wp-content\/uploads\/2023\/03\/Encierro-Primavera-Oaxaca.jpeg","jetpack_sharing_enabled":true,"_links":{"self":[{"href":"https:\/\/zonaroja.com.mx\/index.php?rest_route=\/wp\/v2\/posts\/52931","targetHints":{"allow":["GET"]}}],"collection":[{"href":"https:\/\/zonaroja.com.mx\/index.php?rest_route=\/wp\/v2\/posts"}],"about":[{"href":"https:\/\/zonaroja.com.mx\/index.php?rest_route=\/wp\/v2\/types\/post"}],"author":[{"embeddable":true,"href":"https:\/\/zonaroja.com.mx\/index.php?rest_route=\/wp\/v2\/users\/2"}],"replies":[{"embeddable":true,"href":"https:\/\/zonaroja.com.mx\/index.php?rest_route=%2Fwp%2Fv2%2Fcomments&post=52931"}],"version-history":[{"count":1,"href":"https:\/\/zonaroja.com.mx\/index.php?rest_route=\/wp\/v2\/posts\/52931\/revisions"}],"predecessor-version":[{"id":52937,"href":"https:\/\/zonaroja.com.mx\/index.php?rest_route=\/wp\/v2\/posts\/52931\/revisions\/52937"}],"wp:featuredmedia":[{"embeddable":true,"href":"https:\/\/zonaroja.com.mx\/index.php?rest_route=\/wp\/v2\/media\/52936"}],"wp:attachment":[{"href":"https:\/\/zonaroja.com.mx\/index.php?rest_route=%2Fwp%2Fv2%2Fmedia&parent=52931"}],"wp:term":[{"taxonomy":"category","embeddable":true,"href":"https:\/\/zonaroja.com.mx\/index.php?rest_route=%2Fwp%2Fv2%2Fcategories&post=52931"},{"taxonomy":"post_tag","embeddable":true,"href":"https:\/\/zonaroja.com.mx\/index.php?rest_route=%2Fwp%2Fv2%2Ftags&post=52931"}],"curies":[{"name":"wp","href":"https:\/\/api.w.org\/{rel}","templated":true}]}}