{"id":52938,"date":"2023-03-17T19:44:47","date_gmt":"2023-03-18T01:44:47","guid":{"rendered":"http:\/\/www.zonaroja.com.mx\/?p=52938"},"modified":"2023-03-17T19:44:49","modified_gmt":"2023-03-18T01:44:49","slug":"fortalece-edil-seguridad-de-santa-lucia-del-camino-con-tecnologia-y-apoyo-a-policias","status":"publish","type":"post","link":"https:\/\/zonaroja.com.mx\/?p=52938","title":{"rendered":"Fortalece edil seguridad de Santa Luc\u00eda del Camino con tecnolog\u00eda y apoyo a polic\u00edas"},"content":{"rendered":"\n<p>Redacci\u00f3n\/Zona Roja.<\/p>\n\n\n\n<p>Oaxaca de Ju\u00e1rez, Oax., a 17 de marzo de 2023.-En el municipio de Santa Luc\u00eda del Camino se sigue avanzando en materia de seguridad, creando estrategias que permitan el bienestar de las familias, pero que tambi\u00e9n se realice con una inversi\u00f3n responsable y justa para todas y todos; atendiendo las demandas de mayor prioridad para las y los ciudadanos de este municipio.<\/p>\n\n\n\n<p>As\u00ed lo se\u00f1al\u00f3 el presidente municipal Juan Carlos Garc\u00eda M\u00e1rquez, al inaugurar el primer M\u00f3dulo T\u00e1ctico 1 (MT-1) en la colonia \u00c1lamos, el cual viene a reforzar la estrategia de seguridad p\u00fablica municipal, para que as\u00ed el municipio deje de ser catalogado como un foco rojo.<\/p>\n\n\n\n<p>\u201cEste compromiso que tuvimos desde campa\u00f1a de regresar la seguridad a Santa Luc\u00eda del Camino comprend\u00eda una estrategia integral, desde la Polic\u00eda Municipal, desde las y los elementos se hizo una inversi\u00f3n en capacitaci\u00f3n; hemos depurado alrededor de 30 elementos al d\u00eda de hoy y hemos estado capacitando de manera constante a nuestros elementos\u201d, declar\u00f3 Garc\u00eda M\u00e1rquez.<\/p>\n\n\n\n<p>El prop\u00f3sito de estas capacitaciones, subray\u00f3, es que las y los polic\u00edas municipales de Santa Luc\u00eda del Camino cumpla de manera eficiente con su trabajo, pero que a la vez exista este acercamiento con la ciudadan\u00eda para brindarles un acompa\u00f1amiento digno y respetuoso en perspectiva de g\u00e9nero, Derechos Humanos y m\u00e1s.<\/p>\n\n\n\n<p>Adem\u00e1s de la capacitaci\u00f3n de las y los polic\u00edas, el ayuntamiento de Santa Luc\u00eda del Camino tambi\u00e9n ha apostado por utilizar la tecnolog\u00eda que existe hoy en d\u00eda para erradicar los actos delictivos; con la operaci\u00f3n de los centros C2 y C4, adem\u00e1s de los arcos de seguridad \u201cNorte I\u201d y \u201cSur I\u201d, se ha blindado al municipio de manera eficiente, y hoy a\u00fan m\u00e1s con este M\u00f3dulo T\u00e1ctico 1 (MT-1).<\/p>\n\n\n\n<figure class=\"wp-block-embed is-type-rich is-provider-twitter wp-block-embed-twitter\"><div class=\"wp-block-embed__wrapper\">\n<div class=\"twitter-tweet\"><blockquote class=\"twitter-tweet\" data-lang=\"es\"><p lang=\"es\" dir=\"ltr\"><a href=\"https:\/\/twitter.com\/hashtag\/ENVIVO?src=hash&amp;ref_src=twsrc%5Etfw\">#ENVIVO<\/a><br>Santa Luc\u00eda del Camino, Oax., a 16 de marzo de 2023.- El presidente municipal <a href=\"https:\/\/twitter.com\/JC_GMarquez?ref_src=twsrc%5Etfw\">@JC_GMarquez<\/a> inaugura la instalaci\u00f3n de un m\u00f3dulo de seguridad itinerante, que cuenta con tecnolog\u00eda de punta, para la fortalecer la vigilancia y la prevenci\u00f3n. <br>\ud83d\udc47<a href=\"https:\/\/t.co\/mBue7ZumMU\">https:\/\/t.co\/mBue7ZumMU<\/a> <a href=\"https:\/\/t.co\/mQFgQlvdZb\">pic.twitter.com\/mQFgQlvdZb<\/a><\/p>&mdash; Zona Roja Oaxaca (@ZonaRoja_Oaxaca) <a href=\"https:\/\/twitter.com\/ZonaRoja_Oaxaca\/status\/1636527672544362497?ref_src=twsrc%5Etfw\">17 de marzo de 2023<\/a><\/blockquote><\/div>\n<\/div><\/figure>\n\n\n\n<p>\u201cHoy, instalamos este m\u00f3dulo t\u00e1ctico, que est\u00e1 debidamente equipado, tiene c\u00e1maras de alta definici\u00f3n que est\u00e1n enlazadas al Centro de Control y Comando (C2) y tenemos vista de las c\u00e1maras del C4 que se encuentren cercanas; y lo vamos a coberturar con la fuerza que tenemos de la Polic\u00eda Municipal\u201d, puntualiz\u00f3 el presidente municipal Juan Carlos Garc\u00eda M\u00e1rquez.&nbsp;<\/p>\n\n\n\n<p>NUEVOS ELEMENTOS<\/p>\n\n\n\n<p>Por su parte, el director General de Seguridad P\u00fablica y Polic\u00eda Vial de Santa Luc\u00eda del Camino, Marcos Fredy Hern\u00e1ndez L\u00f3pez, inform\u00f3 que pr\u00f3ximamente se adherir\u00e1n 20 nuevos elementos nuevos a la Polic\u00eda Municipal, para as\u00ed fortalecer el recurso humano del municipio para inhibir los actos delictivos en toda la demarcaci\u00f3n.<\/p>\n\n\n\n<p>Adem\u00e1s, gracias a los mapas georeferenciados, se tiene completo control sobre las colonias con el mayor \u00edndice de inseguridad en Santa Luc\u00eda del Camino, lo que permite crear estrategias efectivas para reducir este tipo de actos que vulneran la paz y bienestar de las familias.<\/p>\n\n\n\n<p>Igualmente, Marcos Fredy Hern\u00e1ndez L\u00f3pez recalc\u00f3 la importancia que tiene la participaci\u00f3n de la ciudadan\u00eda para que, a trav\u00e9s de sus denuncias, permitan que las y los polic\u00edas de Santa Luc\u00eda del Camino puedan cumplir con mayor eficacia con su trabajo; por lo que este m\u00f3dulo t\u00e1ctico tambi\u00e9n servir\u00e1 para ser la primera respuesta para detectar a delincuentes.<\/p>\n\n\n\n<p>Finalmente, Claudia Hern\u00e1ndez Santos, presidenta de la colonia Ampliaci\u00f3n Santa Luc\u00eda, reconoci\u00f3 el trabajo del Gobierno Municipal que encabeza Juan Carlos Garc\u00eda M\u00e1rquez porque \u201cest\u00e1n escuchando la voz de la ciudadan\u00eda\u201d, ya que las denuncias no se han quedado en un papel como ocurr\u00eda en administraciones pasadas.<\/p>\n","protected":false},"excerpt":{"rendered":"<p>Redacci\u00f3n\/Zona Roja. Oaxaca de Ju\u00e1rez, Oax., a 17 de marzo de 2023.-En el municipio de&hellip;<\/p>\n","protected":false},"author":2,"featured_media":52939,"comment_status":"closed","ping_status":"open","sticky":false,"template":"","format":"standard","meta":{"_lmt_disableupdate":"","_lmt_disable":"","_jetpack_memberships_contains_paid_content":false,"footnotes":""},"categories":[109,46],"tags":[2533,337],"class_list":["post-52938","post","type-post","status-publish","format-standard","has-post-thumbnail","hentry","category-minuto-a-minuto","category-zona-blanca","tag-juan-carlos-garcia-marquez","tag-santa-lucia-del-camino"],"jetpack_featured_media_url":"https:\/\/zonaroja.com.mx\/wp-content\/uploads\/2023\/03\/Santa-Lucia-inaugura-modulo-de-seguridad.jpg","jetpack_sharing_enabled":true,"_links":{"self":[{"href":"https:\/\/zonaroja.com.mx\/index.php?rest_route=\/wp\/v2\/posts\/52938","targetHints":{"allow":["GET"]}}],"collection":[{"href":"https:\/\/zonaroja.com.mx\/index.php?rest_route=\/wp\/v2\/posts"}],"about":[{"href":"https:\/\/zonaroja.com.mx\/index.php?rest_route=\/wp\/v2\/types\/post"}],"author":[{"embeddable":true,"href":"https:\/\/zonaroja.com.mx\/index.php?rest_route=\/wp\/v2\/users\/2"}],"replies":[{"embeddable":true,"href":"https:\/\/zonaroja.com.mx\/index.php?rest_route=%2Fwp%2Fv2%2Fcomments&post=52938"}],"version-history":[{"count":1,"href":"https:\/\/zonaroja.com.mx\/index.php?rest_route=\/wp\/v2\/posts\/52938\/revisions"}],"predecessor-version":[{"id":52940,"href":"https:\/\/zonaroja.com.mx\/index.php?rest_route=\/wp\/v2\/posts\/52938\/revisions\/52940"}],"wp:featuredmedia":[{"embeddable":true,"href":"https:\/\/zonaroja.com.mx\/index.php?rest_route=\/wp\/v2\/media\/52939"}],"wp:attachment":[{"href":"https:\/\/zonaroja.com.mx\/index.php?rest_route=%2Fwp%2Fv2%2Fmedia&parent=52938"}],"wp:term":[{"taxonomy":"category","embeddable":true,"href":"https:\/\/zonaroja.com.mx\/index.php?rest_route=%2Fwp%2Fv2%2Fcategories&post=52938"},{"taxonomy":"post_tag","embeddable":true,"href":"https:\/\/zonaroja.com.mx\/index.php?rest_route=%2Fwp%2Fv2%2Ftags&post=52938"}],"curies":[{"name":"wp","href":"https:\/\/api.w.org\/{rel}","templated":true}]}}