{"id":52941,"date":"2023-03-17T20:51:04","date_gmt":"2023-03-18T02:51:04","guid":{"rendered":"http:\/\/www.zonaroja.com.mx\/?p=52941"},"modified":"2023-03-17T21:09:10","modified_gmt":"2023-03-18T03:09:10","slug":"exige-escuela-de-bellas-artes-disculpa-publica-a-primer-ganador-de-la-imagen-guelaguetza","status":"publish","type":"post","link":"https:\/\/zonaroja.com.mx\/?p=52941","title":{"rendered":"Exige Escuela de Artes de la UABJO disculpa p\u00fablica a primer ganador de la imagen Guelaguetza"},"content":{"rendered":"\n<p>Yuridiana Sosa\/Zona Roja.<\/p>\n\n\n\n<p>Oaxaca de Ju\u00e1rez, Oax., a 17 de marzo de 2023.- Tras el da\u00f1o moral ocasionado por la Secretar\u00eda de Turismo estatal al autor de la primera obra ganadora para la imagen oficial de la Guelaguetza 2023, la Escuela de Artes Pl\u00e1sticas y Visuales de la UABJO exigi\u00f3 al gobierno de Oaxaca una disculpa p\u00fablica y reparaci\u00f3n del da\u00f1o para su alumno Luis Fernando Ram\u00edrez.<\/p>\n\n\n\n<p>La comunidad acad\u00e9mica se manifest\u00f3, por medio de una carta abierta, contra la pifia de la dependencia que encabeza Saymi Pineda sobre la selecci\u00f3n de la obra ganadora, que en primera instancia gan\u00f3 el alumno de la escuela perteneciente a la Universidad Aut\u00f3noma \u201cBenito Ju\u00e1rez\u201d de Oaxaca con su obra \u201cBordados de tradici\u00f3n e identidad\u201d y horas despu\u00e9s le fue retirado al bajo argumentos insostenibles.<\/p>\n\n\n\n<p>La comunidad de la Escuela de Bellas Artes se\u00f1al\u00f3 que la Secretar\u00eda de Turismo \u201ctuvo un manejo muy deficiente que llev\u00f3 a los organizadores a tomar la desafortunada decisi\u00f3n de retirar el premio a Luis Fernando, bajo el argumento insostenible de un supuesto plagio, el cual fue desmentido de inmediato por el autor de la imagen aludida\u201d.<\/p>\n\n\n\n<p>\u201cResulta indignante que una secretar\u00eda de Estado tome decisiones de esta naturaleza guiada por comentarios de odio vertidos en redes sociales y a\u00fan m\u00e1s reprobable que una vez cometido el error busque eludir su responsabilidad exponiendo al escarnio p\u00fablico a un joven estudiante, poniendo en entredicho su honestidad y ocasionando un considerable da\u00f1o moral a su persona\u201d, sostuvo la instituci\u00f3n.<\/p>\n\n\n\n<p>Motivo por el cual exigi\u00f3 a los organizadores del concurso una disculpa p\u00fablica y la reparaci\u00f3n del da\u00f1o para Luis Fernando.<\/p>\n\n\n\n<p>SE CONTRADICEN<\/p>\n\n\n\n<p>Luego de varias horas de cr\u00edticas en redes sociales a la imagen seleccionada para la Guelaguetza 2023, en las que tambi\u00e9n alud\u00edan al poco criterio del gobierno actual y hasta \u201cmemes\u201d, la Secretar\u00eda de Turismo anunci\u00f3 una nueva selecci\u00f3n bajo argumentos contradictorios.<\/p>\n\n\n\n<p>Anunci\u00f3 que se debi\u00f3 a la relaci\u00f3n de la obra con \u201cuna fotograf\u00eda que registra elementos similares a la imagen presentada, misma que no era conocida por el Jurado Calificador\u201d, el cual \u201cs\u00ed reconocen las similitudes, sin tratarse de un plagio\u201d.<\/p>\n\n\n\n<p>&nbsp;Y despu\u00e9s refiere que eso no significa que la imagen no sea original, pero \u201clo que se busca es evitar una pol\u00e9mica que manche la edici\u00f3n de la Guelaguetza 2023\u201d.<\/p>\n\n\n\n<p>DESMIENTE DENUNCIA<\/p>\n\n\n\n<p>Fue a trav\u00e9s de las mismas redes sociales que se difundi\u00f3 de una supuesta denuncia por plagio del fot\u00f3grafo Diego Huerta sobre la imagen \u201cBordados de tradici\u00f3n e identidad\u201d de Luis Fernando Ram\u00edrez, por basarse en una de sus fotograf\u00edas para ilustrar su obra.<\/p>\n\n\n\n<p>Diego Huerta desminti\u00f3 el hecho y dijo que, aunque existe una similitud en la pose de una modelo de la foto (sobre baile Flor de Pi\u00f1a) con la obra, eso no le molestaba \u201cporque todo es arte y yo no tengo problema\u201d.<\/p>\n\n\n\n<p>El fot\u00f3grafo recalc\u00f3 que no existe ning\u00fan problema con Luis Fernando Ram\u00edrez, por lo que el retiro del premio fue por \u201cfalta de criterio de quienes lo organizaron, de caer en la opini\u00f3n p\u00fablica y exponerlo as\u00ed de una manera tal vil\u201d.<\/p>\n\n\n\n<p>SEGUNDA GANADORA<\/p>\n\n\n\n<p>Un d\u00eda despu\u00e9s de que incluso se volviera viral el tema de la primera selecci\u00f3n de la obra, el Gobierno del Estado anunci\u00f3 la nueva imagen oficial para la Guelaguetza 2023.<\/p>\n\n\n\n<p>La obra \u201cEl Festejo de Cent\u00e9otl\u201d de la artista serrana Malinali Yuma Garc\u00eda D\u00edaz, fue la seleccionada para representar la m\u00e1xima fiesta de los oaxaque\u00f1os.<\/p>\n\n\n\n<p>La artista, quien naci\u00f3 en Guelatao de Ju\u00e1rez, tiene m\u00e1s de 10 a\u00f1os de trabajo en las artes pl\u00e1sticas se\u00f1ala que su obra representa al ser humano como ciudadano del cosmos con las ra\u00edces firmes en la madre tierra, la Diosa Cent\u00e9otl, la que da vida a trav\u00e9s de su soplo.<\/p>\n\n\n\n<p>Tambi\u00e9n tiene trabajo en dise\u00f1o y diversas expresiones culturales, estudi\u00f3 Comunicaci\u00f3n y tiene una especialidad en emprendimientos culturales en la Sierra Ju\u00e1rez y en otros lugares del estado.<\/p>\n","protected":false},"excerpt":{"rendered":"<p>Yuridiana Sosa\/Zona Roja. Oaxaca de Ju\u00e1rez, Oax., a 17 de marzo de 2023.- Tras el&hellip;<\/p>\n","protected":false},"author":2,"featured_media":52942,"comment_status":"closed","ping_status":"open","sticky":false,"template":"","format":"standard","meta":{"_lmt_disableupdate":"","_lmt_disable":"","_jetpack_memberships_contains_paid_content":false,"footnotes":""},"categories":[109,47],"tags":[3469],"class_list":["post-52941","post","type-post","status-publish","format-standard","has-post-thumbnail","hentry","category-minuto-a-minuto","category-zona-gris","tag-guelaguetza-oaxaca-2023"],"jetpack_featured_media_url":"https:\/\/zonaroja.com.mx\/wp-content\/uploads\/2023\/03\/Luis-Fernando-Ramirez-Guelaguetza.jpeg","jetpack_sharing_enabled":true,"_links":{"self":[{"href":"https:\/\/zonaroja.com.mx\/index.php?rest_route=\/wp\/v2\/posts\/52941","targetHints":{"allow":["GET"]}}],"collection":[{"href":"https:\/\/zonaroja.com.mx\/index.php?rest_route=\/wp\/v2\/posts"}],"about":[{"href":"https:\/\/zonaroja.com.mx\/index.php?rest_route=\/wp\/v2\/types\/post"}],"author":[{"embeddable":true,"href":"https:\/\/zonaroja.com.mx\/index.php?rest_route=\/wp\/v2\/users\/2"}],"replies":[{"embeddable":true,"href":"https:\/\/zonaroja.com.mx\/index.php?rest_route=%2Fwp%2Fv2%2Fcomments&post=52941"}],"version-history":[{"count":2,"href":"https:\/\/zonaroja.com.mx\/index.php?rest_route=\/wp\/v2\/posts\/52941\/revisions"}],"predecessor-version":[{"id":52944,"href":"https:\/\/zonaroja.com.mx\/index.php?rest_route=\/wp\/v2\/posts\/52941\/revisions\/52944"}],"wp:featuredmedia":[{"embeddable":true,"href":"https:\/\/zonaroja.com.mx\/index.php?rest_route=\/wp\/v2\/media\/52942"}],"wp:attachment":[{"href":"https:\/\/zonaroja.com.mx\/index.php?rest_route=%2Fwp%2Fv2%2Fmedia&parent=52941"}],"wp:term":[{"taxonomy":"category","embeddable":true,"href":"https:\/\/zonaroja.com.mx\/index.php?rest_route=%2Fwp%2Fv2%2Fcategories&post=52941"},{"taxonomy":"post_tag","embeddable":true,"href":"https:\/\/zonaroja.com.mx\/index.php?rest_route=%2Fwp%2Fv2%2Ftags&post=52941"}],"curies":[{"name":"wp","href":"https:\/\/api.w.org\/{rel}","templated":true}]}}