{"id":52945,"date":"2023-03-17T22:17:28","date_gmt":"2023-03-18T04:17:28","guid":{"rendered":"http:\/\/www.zonaroja.com.mx\/?p=52945"},"modified":"2023-03-17T22:17:30","modified_gmt":"2023-03-18T04:17:30","slug":"imprudencia-de-mando-policiaco-deja-un-elemento-muerto-y-otro-herido","status":"publish","type":"post","link":"https:\/\/zonaroja.com.mx\/?p=52945","title":{"rendered":"Imprudencia de mando policiaco deja un elemento muerto y otro herido"},"content":{"rendered":"\n<p>Ismael Garc\u00eda M.\/Zona Roja.<\/p>\n\n\n\n<p>Oaxaca de Ju\u00e1rez, Oax., a 17 de marzo de 2023.- Una imprudencia de un mando de la Secretar\u00eda de Seguridad y Protecci\u00f3n Ciudadana de Oaxaca (SSPC) habr\u00eda desencadenado un accidente que cost\u00f3 la vida de un elemento policiaco y otro m\u00e1s sigue hospitalizado, grave de salud.<\/p>\n\n\n\n<p>El percance se registr\u00f3 la ma\u00f1ana de este viernes, tras un operativo conjunto en inmediaciones de San Pedro Ixtlahuaca \u2014luego del asesinato del empresario Anselmo R. E.\u2014, sobre la avenida S\u00edmbolos Patrios, en jurisdicci\u00f3n de San Antonio de la Cal, al sur de la capital oaxaque\u00f1a.<\/p>\n\n\n\n<p>En un video difundido en redes sociales se aprecia el momento en que la patrulla de Seguridad P\u00fablica frena de manera intempestiva, lo que genera que dos uniformados en una motopatrulla con n\u00famero 332 choquen con la camioneta, una de las reci\u00e9n adquiridas por el Gobierno del Estado.<\/p>\n\n\n\n<p>En tanto, la patrulla en la que viajaba el Jefe de Estado Mayor de la SSPC, Eduardo Guti\u00e9rrez Ruiz, huy\u00f3 de inmediato del lugar, sin dar atenci\u00f3n a los uniformados lesionados.<\/p>\n\n\n\n<p>Los dos elementos fueron atendidos por param\u00e9dicos de la Cruz Roja Mexicana y luego trasladados de urgencia al Instituto Mexicano del Seguro Social de la ciudad de Oaxaca.<\/p>\n\n\n\n<p>Pero alrededor del mediod\u00eda se confirm\u00f3 el fallecimiento de uno de ellos, identificado como el Polic\u00eda Tercero Jos\u00e9 del Carmen Villalobos Aquino, asignado a la Unidad Motorizada de Reacci\u00f3n Inmediata (UMAR).<\/p>\n\n\n\n<p>En redes sociales fue criticada la tardanza en la atenci\u00f3n de los lesionados en el hospital del IMSS as\u00ed como la desatenci\u00f3n del presidente municipal de Oaxaca de Ju\u00e1rez, Francisco Mart\u00ednez Neri, quien acudi\u00f3 a visitar a los familiares varias horas despu\u00e9s del percance.<\/p>\n\n\n\n<figure class=\"wp-block-embed is-type-rich is-provider-twitter wp-block-embed-twitter\"><div class=\"wp-block-embed__wrapper\">\n<div class=\"twitter-tweet\"><blockquote class=\"twitter-tweet\" data-lang=\"es\"><p lang=\"es\" dir=\"ltr\">Polic\u00edas que regresaban hoy de un operativo, tuvieron un accidente en un motopatrulla,en la avenida S\u00edmbolos Patrios, a la altura de San Antonio de la Cal, <a href=\"https:\/\/twitter.com\/hashtag\/Oaxaca?src=hash&amp;ref_src=twsrc%5Etfw\">#Oaxaca<\/a>; los dos fueron trasladados a un hospital pero un elemento falleci\u00f3 posteriormente, por la gravedad de las lesiones. <a href=\"https:\/\/t.co\/MlBJ7Vj6Ld\">pic.twitter.com\/MlBJ7Vj6Ld<\/a><\/p>&mdash; Zona Roja Oaxaca (@ZonaRoja_Oaxaca) <a href=\"https:\/\/twitter.com\/ZonaRoja_Oaxaca\/status\/1636838071965724672?ref_src=twsrc%5Etfw\">17 de marzo de 2023<\/a><\/blockquote><\/div>\n<\/div><\/figure>\n","protected":false},"excerpt":{"rendered":"<p>Ismael Garc\u00eda M.\/Zona Roja. Oaxaca de Ju\u00e1rez, Oax., a 17 de marzo de 2023.- Una&hellip;<\/p>\n","protected":false},"author":2,"featured_media":52946,"comment_status":"closed","ping_status":"open","sticky":false,"template":"","format":"standard","meta":{"_lmt_disableupdate":"","_lmt_disable":"","_jetpack_memberships_contains_paid_content":false,"footnotes":""},"categories":[109,51],"tags":[148],"class_list":["post-52945","post","type-post","status-publish","format-standard","has-post-thumbnail","hentry","category-minuto-a-minuto","category-zona-roja","tag-oaxaca-de-juarez"],"jetpack_featured_media_url":"https:\/\/zonaroja.com.mx\/wp-content\/uploads\/2023\/03\/Accidente-policias-municipales.jpg","jetpack_sharing_enabled":true,"_links":{"self":[{"href":"https:\/\/zonaroja.com.mx\/index.php?rest_route=\/wp\/v2\/posts\/52945","targetHints":{"allow":["GET"]}}],"collection":[{"href":"https:\/\/zonaroja.com.mx\/index.php?rest_route=\/wp\/v2\/posts"}],"about":[{"href":"https:\/\/zonaroja.com.mx\/index.php?rest_route=\/wp\/v2\/types\/post"}],"author":[{"embeddable":true,"href":"https:\/\/zonaroja.com.mx\/index.php?rest_route=\/wp\/v2\/users\/2"}],"replies":[{"embeddable":true,"href":"https:\/\/zonaroja.com.mx\/index.php?rest_route=%2Fwp%2Fv2%2Fcomments&post=52945"}],"version-history":[{"count":1,"href":"https:\/\/zonaroja.com.mx\/index.php?rest_route=\/wp\/v2\/posts\/52945\/revisions"}],"predecessor-version":[{"id":52947,"href":"https:\/\/zonaroja.com.mx\/index.php?rest_route=\/wp\/v2\/posts\/52945\/revisions\/52947"}],"wp:featuredmedia":[{"embeddable":true,"href":"https:\/\/zonaroja.com.mx\/index.php?rest_route=\/wp\/v2\/media\/52946"}],"wp:attachment":[{"href":"https:\/\/zonaroja.com.mx\/index.php?rest_route=%2Fwp%2Fv2%2Fmedia&parent=52945"}],"wp:term":[{"taxonomy":"category","embeddable":true,"href":"https:\/\/zonaroja.com.mx\/index.php?rest_route=%2Fwp%2Fv2%2Fcategories&post=52945"},{"taxonomy":"post_tag","embeddable":true,"href":"https:\/\/zonaroja.com.mx\/index.php?rest_route=%2Fwp%2Fv2%2Ftags&post=52945"}],"curies":[{"name":"wp","href":"https:\/\/api.w.org\/{rel}","templated":true}]}}