{"id":52950,"date":"2023-03-18T10:47:00","date_gmt":"2023-03-18T16:47:00","guid":{"rendered":"http:\/\/www.zonaroja.com.mx\/?p=52950"},"modified":"2023-03-18T06:52:14","modified_gmt":"2023-03-18T12:52:14","slug":"paris-tiene-tambien-su-crisis-de-la-basura-10-mil-toneladas-en-las-calles","status":"publish","type":"post","link":"https:\/\/zonaroja.com.mx\/?p=52950","title":{"rendered":"Par\u00eds tiene tambi\u00e9n su crisis de la basura: 10 mil toneladas en las calles"},"content":{"rendered":"\n<p>Redacci\u00f3n\/Zona Roja Cdmx.<\/p>\n\n\n\n<p>Ciudad de M\u00e9xico, a 18 de marzo de 2023.- En el marco de una huelga de los basureros contra la impopular reforma de las pensiones del presidente liberal, Emmanuel Macron, en las calles de Par\u00eds se han acumulado hasta diez toneladas de basura.&nbsp;<\/p>\n\n\n\n<p>La nueva estimaci\u00f3n, superior a las siete mil 600 toneladas de principios de semana, se produce despu\u00e9s que el ministro del Interior, G\u00e9rald Darmanin, afirmara que las requisiciones de huelguistas estaban funcionando.&nbsp;<\/p>\n\n\n\n<p>\u00abDesde hoy, desde esta ma\u00f1ana, esta requisici\u00f3n funciona y permite recolectar esta basura\u00bb, dijo en la cadena RTL Darmanin, aunque el entorno de la alcaldesa socialista Anne Hidalgo indic\u00f3 que \u00abno sali\u00f3 ning\u00fan cami\u00f3n del lado p\u00fablico\u00bb.<\/p>\n\n\n\n<p>Los empleados municipales del servicio de recogida de basura iniciaron hace 12 d\u00edas una huelga y el bloqueo de las incineradores de la ciudad en protesta contra el proyecto de Macron de hacerlos trabajar dos a\u00f1os m\u00e1s.<\/p>\n\n\n\n<p>Estos garantizan la recolecci\u00f3n de la mitad de los 20 distritos de la capital, mientras que el resto est\u00e1 a cargo de empresas privadas. Estas \u00faltimas siguieron trabajando y algunas firmaron contratos para limpiar las zonas afectadas.<\/p>\n\n\n\n<p>\u00abNo hemos tenido ning\u00fan cami\u00f3n en los distritos con recogida p\u00fablica\u00bb, confirm\u00f3 Delphine B\u00fcrkli, alcaldesa del distrito IX, quien pidi\u00f3 movilizar al \u00abej\u00e9rcito para despejar las calles\u00bb.<\/p>\n\n\n\n<p>Los trabajadores de este sector est\u00e1n decididos a continuar su huelga hasta el lunes, m\u00e1xime cuando la adopci\u00f3n por decreto de la impopular reforma reactiv\u00f3 las protestas.<\/p>\n\n\n\n<p>\u00abLos basureros tienen doce a\u00f1os menos de esperanza de vida y siete a\u00f1os menos, los empleados del alcantarillado\u00bb, se\u00f1al\u00f3 Fr\u00e9d\u00e9ric Aubisse, un alcantarillero de 54 a\u00f1os. Con dos a\u00f1os m\u00e1s, \u00abvamos a morir en el trabajo\u00bb, agreg\u00f3.<\/p>\n\n\n\n<p>(Informaci\u00f3n de la agencia AFP en \u201cMilenio\u201d)<\/p>\n","protected":false},"excerpt":{"rendered":"<p>Redacci\u00f3n\/Zona Roja Cdmx. Ciudad de M\u00e9xico, a 18 de marzo de 2023.- En el marco&hellip;<\/p>\n","protected":false},"author":2,"featured_media":52952,"comment_status":"closed","ping_status":"open","sticky":false,"template":"","format":"standard","meta":{"_lmt_disableupdate":"","_lmt_disable":"","_jetpack_memberships_contains_paid_content":false,"footnotes":""},"categories":[109,47],"tags":[3470],"class_list":["post-52950","post","type-post","status-publish","format-standard","has-post-thumbnail","hentry","category-minuto-a-minuto","category-zona-gris","tag-paris-francia"],"jetpack_featured_media_url":"https:\/\/zonaroja.com.mx\/wp-content\/uploads\/2023\/03\/Basura-calles-Paris-Francia.jpeg","jetpack_sharing_enabled":true,"_links":{"self":[{"href":"https:\/\/zonaroja.com.mx\/index.php?rest_route=\/wp\/v2\/posts\/52950","targetHints":{"allow":["GET"]}}],"collection":[{"href":"https:\/\/zonaroja.com.mx\/index.php?rest_route=\/wp\/v2\/posts"}],"about":[{"href":"https:\/\/zonaroja.com.mx\/index.php?rest_route=\/wp\/v2\/types\/post"}],"author":[{"embeddable":true,"href":"https:\/\/zonaroja.com.mx\/index.php?rest_route=\/wp\/v2\/users\/2"}],"replies":[{"embeddable":true,"href":"https:\/\/zonaroja.com.mx\/index.php?rest_route=%2Fwp%2Fv2%2Fcomments&post=52950"}],"version-history":[{"count":1,"href":"https:\/\/zonaroja.com.mx\/index.php?rest_route=\/wp\/v2\/posts\/52950\/revisions"}],"predecessor-version":[{"id":52953,"href":"https:\/\/zonaroja.com.mx\/index.php?rest_route=\/wp\/v2\/posts\/52950\/revisions\/52953"}],"wp:featuredmedia":[{"embeddable":true,"href":"https:\/\/zonaroja.com.mx\/index.php?rest_route=\/wp\/v2\/media\/52952"}],"wp:attachment":[{"href":"https:\/\/zonaroja.com.mx\/index.php?rest_route=%2Fwp%2Fv2%2Fmedia&parent=52950"}],"wp:term":[{"taxonomy":"category","embeddable":true,"href":"https:\/\/zonaroja.com.mx\/index.php?rest_route=%2Fwp%2Fv2%2Fcategories&post=52950"},{"taxonomy":"post_tag","embeddable":true,"href":"https:\/\/zonaroja.com.mx\/index.php?rest_route=%2Fwp%2Fv2%2Ftags&post=52950"}],"curies":[{"name":"wp","href":"https:\/\/api.w.org\/{rel}","templated":true}]}}