{"id":52954,"date":"2023-03-19T12:52:00","date_gmt":"2023-03-19T18:52:00","guid":{"rendered":"http:\/\/www.zonaroja.com.mx\/?p=52954"},"modified":"2023-03-19T07:13:23","modified_gmt":"2023-03-19T13:13:23","slug":"dejo-murat-impune-asesinatos-de-activistas-en-paso-de-la-reina-jamiltepec","status":"publish","type":"post","link":"https:\/\/zonaroja.com.mx\/?p=52954","title":{"rendered":"Dej\u00f3 Murat impune asesinatos de activistas en Paso de la Reina, Jamiltepec"},"content":{"rendered":"\n<p>Redacci\u00f3n\/Estado 20.<\/p>\n\n\n\n<p>Oaxaca de Ju\u00e1rez, Oax., a 19 de marzo de 2023.- A pesar de las denuncias hechas en los \u00e1mbitos nacional e internacional, las autoridades de Oaxaca dejaron en la impunidad los cr\u00edmenes de cinco activistas de Paso de la Reina, perpetrados entre 2021 y 2022, acus\u00f3 la asociaci\u00f3n civil Servicios para una Educaci\u00f3n Alternativa (Educa).<\/p>\n\n\n\n<p>Un d\u00eda despu\u00e9s de la conmemoraci\u00f3n del D\u00eda Internacional de Acci\u00f3n por los R\u00edos, la organizaci\u00f3n conden\u00f3 que, a la par, el 14 de marzo se conmemoraron dos a\u00f1os de uno de los ataques perpetrados contra los defensores del r\u00edo \u201cVerde\u201d, identificados como Raymundo Robles Ria\u00f1o,&nbsp;No\u00e9 Robles Cruz&nbsp;y&nbsp;Gerardo Mendoza Reyes.<\/p>\n\n\n\n<p>La organizaci\u00f3n apunt\u00f3 que el multihomicidio, cuyas pesquisas no han arrojado detenidos, ocurri\u00f3 en el barrio Chico de&nbsp;Paso de la Reyna, Jamiltepec, en la regi\u00f3n de la Costa, horas despu\u00e9s de que la comunidad festej\u00f3 al r\u00edo \u201cVerde\u201d con una ceremonia, como lo acostumbra cada a\u00f1o el 14 de marzo.<\/p>\n\n\n\n<p>Aquellas tres muertes se sumaron a la de Fidel Heras Cruz, activista y autoridad de Paso de la Reina que fue asesinado a tiros el 23 de enero de 2021.<\/p>\n\n\n\n<p>Servicios para una Educaci\u00f3n Alternativa subray\u00f3 que por el caso de los defensores comunitarios asesinados en 2021&nbsp;se hizo una denuncia &nbsp;durante el Foro Permanente para las Cuestiones Ind\u00edgenas de la&nbsp;ONU, por la Iniciativa Global por los Derechos de los Pueblos Ind\u00edgenas (IPRI), en abril de 2022; sin embargo, a pesar de ello, prevaleci\u00f3 la impunidad.<\/p>\n\n\n\n<p>La omisi\u00f3n de aquellas investigaciones, abund\u00f3, provoc\u00f3 la continuaci\u00f3n de la violencia en Paso de la Reina a tal grado de que otro activista, Filogonio Mart\u00ednez Merino, fue ejecutado el 26 de octubre del 2022.<\/p>\n","protected":false},"excerpt":{"rendered":"<p>Redacci\u00f3n\/Estado 20. Oaxaca de Ju\u00e1rez, Oax., a 19 de marzo de 2023.- A pesar de&hellip;<\/p>\n","protected":false},"author":2,"featured_media":52956,"comment_status":"closed","ping_status":"open","sticky":false,"template":"","format":"standard","meta":{"_lmt_disableupdate":"","_lmt_disable":"","_jetpack_memberships_contains_paid_content":false,"footnotes":""},"categories":[109,47],"tags":[2397],"class_list":["post-52954","post","type-post","status-publish","format-standard","has-post-thumbnail","hentry","category-minuto-a-minuto","category-zona-gris","tag-paso-de-la-reyna-jamiltepec"],"jetpack_featured_media_url":"https:\/\/zonaroja.com.mx\/wp-content\/uploads\/2023\/03\/Activistas-asesinados-Paso-de-la-Reina-Jamiltepec-1.jpeg","jetpack_sharing_enabled":true,"_links":{"self":[{"href":"https:\/\/zonaroja.com.mx\/index.php?rest_route=\/wp\/v2\/posts\/52954","targetHints":{"allow":["GET"]}}],"collection":[{"href":"https:\/\/zonaroja.com.mx\/index.php?rest_route=\/wp\/v2\/posts"}],"about":[{"href":"https:\/\/zonaroja.com.mx\/index.php?rest_route=\/wp\/v2\/types\/post"}],"author":[{"embeddable":true,"href":"https:\/\/zonaroja.com.mx\/index.php?rest_route=\/wp\/v2\/users\/2"}],"replies":[{"embeddable":true,"href":"https:\/\/zonaroja.com.mx\/index.php?rest_route=%2Fwp%2Fv2%2Fcomments&post=52954"}],"version-history":[{"count":1,"href":"https:\/\/zonaroja.com.mx\/index.php?rest_route=\/wp\/v2\/posts\/52954\/revisions"}],"predecessor-version":[{"id":52957,"href":"https:\/\/zonaroja.com.mx\/index.php?rest_route=\/wp\/v2\/posts\/52954\/revisions\/52957"}],"wp:featuredmedia":[{"embeddable":true,"href":"https:\/\/zonaroja.com.mx\/index.php?rest_route=\/wp\/v2\/media\/52956"}],"wp:attachment":[{"href":"https:\/\/zonaroja.com.mx\/index.php?rest_route=%2Fwp%2Fv2%2Fmedia&parent=52954"}],"wp:term":[{"taxonomy":"category","embeddable":true,"href":"https:\/\/zonaroja.com.mx\/index.php?rest_route=%2Fwp%2Fv2%2Fcategories&post=52954"},{"taxonomy":"post_tag","embeddable":true,"href":"https:\/\/zonaroja.com.mx\/index.php?rest_route=%2Fwp%2Fv2%2Ftags&post=52954"}],"curies":[{"name":"wp","href":"https:\/\/api.w.org\/{rel}","templated":true}]}}