{"id":5296,"date":"2019-10-31T08:10:58","date_gmt":"2019-10-31T14:10:58","guid":{"rendered":"http:\/\/www.zonaroja.com.mx\/?p=5296"},"modified":"2019-10-31T08:11:01","modified_gmt":"2019-10-31T14:11:01","slug":"vinculan-a-proceso-a-siete-de-los-diez-detenidos-en-jalapa-de-diaz","status":"publish","type":"post","link":"https:\/\/zonaroja.com.mx\/?p=5296","title":{"rendered":"Vinculan a proceso a siete de los diez detenidos en Jalapa de D\u00edaz"},"content":{"rendered":"\n<p>Redacci\u00f3n\/Zona Roja.<\/p>\n\n\n\n<p>Oaxaca de Ju\u00e1rez, Oax., 31 de octubre de 2019.- Siete de las 10 personas detenidas el pasado 24 de octubre en San Felipe Jalapa de D\u00edaz, fueron vinculadas a proceso, acusados del delito de desaparici\u00f3n de persona cometida por particulares.<\/p>\n\n\n\n<p>La Fiscal\u00eda General del Estado de Oaxaca inform\u00f3 que dichas aprehensiones fueron llevadas a cabo en el marco de los cateos efectuados en el citado municipio, donde fueron aprehendidos O. C. T., M. C. T., B. F. F., V. A. D. M., I. E. P., A. T. C., y O. S. A., quienes fueron puestos a disposici\u00f3n de la autoridad judicial.<\/p>\n\n\n\n<p>En un comunicado, indic\u00f3 que en esa\nfecha, realiz\u00f3 seis cateos simult\u00e1neos en domicilios particulares ubicados en\nSan Felipe Jalapa de D\u00edaz, regi\u00f3n de la Cuenca del Papaloapan, \u201clo que permiti\u00f3\nel aseguramiento de armas y la detenci\u00f3n de 10 personas\u201d.<\/p>\n\n\n\n<p>El operativo fue coordinado por la\nFiscal\u00eca, a trav\u00e9s de la Agencia Estatal de Investigaciones, con lo cual dio cumplimiento\na la causa penal 219\/2019, librada por el juzgado de control de Tuxtepec, por\nel delito de desaparici\u00f3n de personas cometida por particulares en agravio de\nR.T. F.<\/p>\n\n\n\n<p>En audiencia celebrada el 29 de octubre\nde 2019, el Juez de Control dict\u00f3 auto de vinculaci\u00f3n a proceso en contra de\nlos siete imputados, imponi\u00e9ndoles la medida cautelar de prisi\u00f3n preventiva\noficiosa y otorgando tres meses para el cierre de la investigaci\u00f3n\ncomplementaria.<\/p>\n\n\n\n<p>\u201cCabe se\u00f1alar que durante estos\noperativos se efectu\u00f3 la detenci\u00f3n del edil de San Felipe Jalapa de D\u00edaz, A. G.\nV., del Primer Comandante de la Polic\u00eda Municipal, B. F. F., del Segundo\nComandante de la Polic\u00eda Municipal, L. C. A., quienes fueron puestos a\ndisposici\u00f3n de la Fiscal\u00eda General de la Rep\u00fablica (FGR), por el delito de\nposesi\u00f3n de arma de fuego de uso exclusivo del ej\u00e9rcito, el cual por ser delito\nfederal corresponde a un juez de la Federaci\u00f3n resolver la situaci\u00f3n jur\u00eddica\nde estos tres sujetos\u201d, expuso.<\/p>\n","protected":false},"excerpt":{"rendered":"<p>Redacci\u00f3n\/Zona Roja. Oaxaca de Ju\u00e1rez, Oax., 31 de octubre de 2019.- Siete de las 10&hellip;<\/p>\n","protected":false},"author":2,"featured_media":5297,"comment_status":"closed","ping_status":"open","sticky":false,"template":"","format":"standard","meta":{"_lmt_disableupdate":"","_lmt_disable":"","_jetpack_memberships_contains_paid_content":false,"footnotes":""},"categories":[109,47],"tags":[494,580],"class_list":["post-5296","post","type-post","status-publish","format-standard","has-post-thumbnail","hentry","category-minuto-a-minuto","category-zona-gris","tag-fiscalia-general-del-estado-de-oaxaca","tag-san-felipe-jalapa-de-diaz"],"jetpack_featured_media_url":"https:\/\/zonaroja.com.mx\/wp-content\/uploads\/2019\/10\/Cateo-Jalapa-de-D\u00edaz.jpeg","jetpack_sharing_enabled":true,"_links":{"self":[{"href":"https:\/\/zonaroja.com.mx\/index.php?rest_route=\/wp\/v2\/posts\/5296","targetHints":{"allow":["GET"]}}],"collection":[{"href":"https:\/\/zonaroja.com.mx\/index.php?rest_route=\/wp\/v2\/posts"}],"about":[{"href":"https:\/\/zonaroja.com.mx\/index.php?rest_route=\/wp\/v2\/types\/post"}],"author":[{"embeddable":true,"href":"https:\/\/zonaroja.com.mx\/index.php?rest_route=\/wp\/v2\/users\/2"}],"replies":[{"embeddable":true,"href":"https:\/\/zonaroja.com.mx\/index.php?rest_route=%2Fwp%2Fv2%2Fcomments&post=5296"}],"version-history":[{"count":1,"href":"https:\/\/zonaroja.com.mx\/index.php?rest_route=\/wp\/v2\/posts\/5296\/revisions"}],"predecessor-version":[{"id":5298,"href":"https:\/\/zonaroja.com.mx\/index.php?rest_route=\/wp\/v2\/posts\/5296\/revisions\/5298"}],"wp:featuredmedia":[{"embeddable":true,"href":"https:\/\/zonaroja.com.mx\/index.php?rest_route=\/wp\/v2\/media\/5297"}],"wp:attachment":[{"href":"https:\/\/zonaroja.com.mx\/index.php?rest_route=%2Fwp%2Fv2%2Fmedia&parent=5296"}],"wp:term":[{"taxonomy":"category","embeddable":true,"href":"https:\/\/zonaroja.com.mx\/index.php?rest_route=%2Fwp%2Fv2%2Fcategories&post=5296"},{"taxonomy":"post_tag","embeddable":true,"href":"https:\/\/zonaroja.com.mx\/index.php?rest_route=%2Fwp%2Fv2%2Ftags&post=5296"}],"curies":[{"name":"wp","href":"https:\/\/api.w.org\/{rel}","templated":true}]}}