{"id":52961,"date":"2023-03-18T08:26:00","date_gmt":"2023-03-18T14:26:00","guid":{"rendered":"http:\/\/www.zonaroja.com.mx\/?p=52961"},"modified":"2023-03-18T07:49:23","modified_gmt":"2023-03-18T13:49:23","slug":"roja-primavera-dos-asesinados-en-la-cuenca-y-tres-en-el-istmo","status":"publish","type":"post","link":"https:\/\/zonaroja.com.mx\/?p=52961","title":{"rendered":"\u201cRoja primavera\u201d: dos asesinados en la Cuenca y tres en el Istmo"},"content":{"rendered":"\n<p>Ismael Garc\u00eda M.\/Zona Roja. Foto: Ambientaci\u00f3n<\/p>\n\n\n\n<p>Oaxaca de Ju\u00e1rez, Oax., a 18 de marzo de 2023.- Adem\u00e1s del crimen del empresario en la ciudad de Oaxaca, ayer fueron ejecutadas dos personas en la regi\u00f3n Cuenca del estado.<\/p>\n\n\n\n<p>En el municipio de San Pedro Ixcatl\u00e1n, ultimaron a balazos a Ernesto G. R., de 20 a\u00f1os de edad, y Eduardo R. V., de 26 a\u00f1os, cuyos cuerpos fueron localizados ayer, tras haber sido reportados como desaparecidos desde el pasado lunes.<\/p>\n\n\n\n<p>Los cuerpos presentaban tambi\u00e9n huellas de tortura y el tiro de gracia; pescadores los encontraron flotando en el agua y ya con indicios de descomposici\u00f3n.<\/p>\n\n\n\n<p>En tanto que anoche, en la calle Oleoducto de Pemex, de la Cuarta Secci\u00f3n, en Santa Cruz Tagolaba, municipio de Santo Domingo Tehuantepec, un individuo fue asesinado a machetazos; la v\u00edctima a\u00fan no ha sido identificada.<\/p>\n\n\n\n<p>Mientras que la noche del jueves, en el municipio de Mat\u00edas Romero Avenda\u00f1o fue ejecutado a balazos un joven, identificado como Jordi U., de 21 a\u00f1os de edad.&nbsp;<\/p>\n\n\n\n<p>El cuerpo fue localizado en una calle cercana a las v\u00edas del ferrocarril, en la colonia Robles Poniente.<\/p>\n\n\n\n<p>Mientras que tambi\u00e9n la noche del jueves, en el municipio de San Juan Guichicovi, fue hallado el cuerpo sin vida de un individuo, con varios disparos de arma de fuego en el cuerpo; la v\u00edctima tampoco ha sido identificada.<\/p>\n","protected":false},"excerpt":{"rendered":"<p>Ismael Garc\u00eda M.\/Zona Roja. Foto: Ambientaci\u00f3n Oaxaca de Ju\u00e1rez, Oax., a 18 de marzo de&hellip;<\/p>\n","protected":false},"author":2,"featured_media":44175,"comment_status":"closed","ping_status":"open","sticky":false,"template":"","format":"standard","meta":{"_lmt_disableupdate":"","_lmt_disable":"","_jetpack_memberships_contains_paid_content":false,"footnotes":""},"categories":[109,51],"tags":[1043],"class_list":["post-52961","post","type-post","status-publish","format-standard","has-post-thumbnail","hentry","category-minuto-a-minuto","category-zona-roja","tag-san-pedro-ixcatlan"],"jetpack_featured_media_url":"https:\/\/zonaroja.com.mx\/wp-content\/uploads\/2022\/08\/Asesinato-homicidio-escena-crimen.jpg","jetpack_sharing_enabled":true,"_links":{"self":[{"href":"https:\/\/zonaroja.com.mx\/index.php?rest_route=\/wp\/v2\/posts\/52961","targetHints":{"allow":["GET"]}}],"collection":[{"href":"https:\/\/zonaroja.com.mx\/index.php?rest_route=\/wp\/v2\/posts"}],"about":[{"href":"https:\/\/zonaroja.com.mx\/index.php?rest_route=\/wp\/v2\/types\/post"}],"author":[{"embeddable":true,"href":"https:\/\/zonaroja.com.mx\/index.php?rest_route=\/wp\/v2\/users\/2"}],"replies":[{"embeddable":true,"href":"https:\/\/zonaroja.com.mx\/index.php?rest_route=%2Fwp%2Fv2%2Fcomments&post=52961"}],"version-history":[{"count":1,"href":"https:\/\/zonaroja.com.mx\/index.php?rest_route=\/wp\/v2\/posts\/52961\/revisions"}],"predecessor-version":[{"id":52962,"href":"https:\/\/zonaroja.com.mx\/index.php?rest_route=\/wp\/v2\/posts\/52961\/revisions\/52962"}],"wp:featuredmedia":[{"embeddable":true,"href":"https:\/\/zonaroja.com.mx\/index.php?rest_route=\/wp\/v2\/media\/44175"}],"wp:attachment":[{"href":"https:\/\/zonaroja.com.mx\/index.php?rest_route=%2Fwp%2Fv2%2Fmedia&parent=52961"}],"wp:term":[{"taxonomy":"category","embeddable":true,"href":"https:\/\/zonaroja.com.mx\/index.php?rest_route=%2Fwp%2Fv2%2Fcategories&post=52961"},{"taxonomy":"post_tag","embeddable":true,"href":"https:\/\/zonaroja.com.mx\/index.php?rest_route=%2Fwp%2Fv2%2Ftags&post=52961"}],"curies":[{"name":"wp","href":"https:\/\/api.w.org\/{rel}","templated":true}]}}