{"id":52963,"date":"2023-03-18T08:00:16","date_gmt":"2023-03-18T14:00:16","guid":{"rendered":"http:\/\/www.zonaroja.com.mx\/?p=52963"},"modified":"2023-03-18T09:48:35","modified_gmt":"2023-03-18T15:48:35","slug":"a-balazos-retiran-bloqueo-carretero-en-el-acceso-a-tehuantepec","status":"publish","type":"post","link":"https:\/\/zonaroja.com.mx\/?p=52963","title":{"rendered":"A balazos retiran bloqueo carretero en el acceso a Tehuantepec"},"content":{"rendered":"\n<p>Redacci\u00f3n\/Zona Roja.<\/p>\n\n\n\n<p>Oaxaca de Ju\u00e1rez, Oax., a 18 de marzo de 2023.- Sujetos armados dispararon en contra de maestros y padres de familia que bloqueaban la carretera Oaxaca-Istmo, a la altura del puente de fierro de Santo Domingo Tehuantepec.<\/p>\n\n\n\n<p>Los hechos ocurrieron alrededor de la media noche de ayer, en que ocupantes de un veh\u00edculo cruzaron disparando al aire armas de fuego, lo que provoc\u00f3 que una persona cayera al r\u00edo, resultando lesionado.<\/p>\n\n\n\n<p>Tras ello, los inconformes, que exigen la rehabilitaci\u00f3n de una escuela da\u00f1ada por los sismos en 2017, se retiraron moment\u00e1neamente, pero volvieron a cerrar la vialidad.<\/p>\n\n\n\n<p>No obstante, ante el temor de ser agredidos de nuevo, esta madrugada se retiraron de la zona pero esta ma\u00f1ana se volvieron a colocar para bloquear el acceso vial.<\/p>\n\n\n\n<p>VERSI\u00d3N OFICIAL<\/p>\n\n\n\n<p>De acuerdo con un comunicado del Gobierno del Estado, emitido anoche, el edificio de la escuela Primaria \u201cBenito Ju\u00e1rez\u201d result\u00f3 fuertemente afectado durante los sismos ocurridos en el 2017 en el Istmo de Tehuantepec.&nbsp;<\/p>\n\n\n\n<p>El inmueble est\u00e1 catalogado por el Instituto Nacional de Antropolog\u00eda e Historia (INAH), y para cualquier rehabilitaci\u00f3n o intervenci\u00f3n se requiere cumplir con los lineamientos que establece este instituto.<\/p>\n\n\n\n<p>En el a\u00f1o 2020, con una inversi\u00f3n de 7 millones 798 mil 76.92 pesos del programa \u201cEscuelas al 100\u201d se iniciaron los trabajos de reparaci\u00f3n en el edificio y se concluyeron en el mes de septiembre del 2022, fecha en que se firm\u00f3 el acta de entrega &#8211; recepci\u00f3n.<\/p>\n\n\n\n<p>Para los trabajos de obra civil y acabados autorizados por el INAH en la parte que a\u00fan falta por intervenir, se tiene un costo de 25 millones 614 mil 569.51 pesos, presupuesto actualizado en precios al mes de marzo del 2023.<\/p>\n\n\n\n<p>El Instituto Oaxaque\u00f1o Constructor de Infraestructura Educativa (Iocied), a cargo de Alejandro L\u00f3pez Jarqu\u00edn, dispone de ocho millones de pesos para continuar con los trabajos de rehabilitaci\u00f3n, los cuales est\u00e1n programados para iniciar en la \u00faltima semana del mes de abril.<\/p>\n\n\n\n<p>\u201cEl Iocied realiza las gestiones correspondientes ante la Secretar\u00eda de Desarrollo Agrario, Territorial y Urbano (Sedatu) para requerir los recursos que permitan avanzar con las dem\u00e1s etapas de rehabilitaci\u00f3n.<\/p>\n\n\n\n<p>\u201cLa solicitud de los padres y madres de familia y directivos de la escuela ha sido atendida y se han escuchado todos sus planteamientos, y el 15 de marzo se llev\u00f3 a cabo una mesa de trabajo en Santo Domingo Tehuantepec, con la participaci\u00f3n del profesor Gilberto Flores, director del plantel, una comisi\u00f3n de tutores, la autoridad municipal, el contratista y personal del Iocied.<\/p>\n\n\n\n<p>\u201cEn la mesa de trabajo se inform\u00f3 a la comunidad escolar de los recursos que se disponen y la fecha de inicio de los trabajos de rehabilitaci\u00f3n, sin embargo, la propuesta no fue aceptada ya que el director y los padres y madres de familia exigen la totalidad de los recursos y sostienen su postura de mantener el bloqueo de manera indefinida.<\/p>\n\n\n\n<p>\u201cCabe destacar que la rehabilitaci\u00f3n del edificio escolar es uno de los pendientes que dej\u00f3 la pasada administraci\u00f3n, por lo que este gobierno estatal realiza las gestiones necesarias para lograr los recursos y concluir con los trabajos.<\/p>\n\n\n\n<p>\u201cLa Secretar\u00eda de Gobierno ha ofrecido esta soluci\u00f3n a padres y madres de familia y al Director de la misma, porque no se tiene la posibilidad de otorgar m\u00e1s recursos fuera del marco de la ley\u201d.<\/p>\n","protected":false},"excerpt":{"rendered":"<p>Redacci\u00f3n\/Zona Roja. Oaxaca de Ju\u00e1rez, Oax., a 18 de marzo de 2023.- Sujetos armados dispararon&hellip;<\/p>\n","protected":false},"author":2,"featured_media":52967,"comment_status":"closed","ping_status":"open","sticky":false,"template":"","format":"standard","meta":{"_lmt_disableupdate":"","_lmt_disable":"","_jetpack_memberships_contains_paid_content":false,"footnotes":""},"categories":[109,47],"tags":[125],"class_list":["post-52963","post","type-post","status-publish","format-standard","has-post-thumbnail","hentry","category-minuto-a-minuto","category-zona-gris","tag-santo-domingo-tehuantepec"],"jetpack_featured_media_url":"https:\/\/zonaroja.com.mx\/wp-content\/uploads\/2023\/03\/Puente-de-fierro-Tehuantepec.jpg","jetpack_sharing_enabled":true,"_links":{"self":[{"href":"https:\/\/zonaroja.com.mx\/index.php?rest_route=\/wp\/v2\/posts\/52963","targetHints":{"allow":["GET"]}}],"collection":[{"href":"https:\/\/zonaroja.com.mx\/index.php?rest_route=\/wp\/v2\/posts"}],"about":[{"href":"https:\/\/zonaroja.com.mx\/index.php?rest_route=\/wp\/v2\/types\/post"}],"author":[{"embeddable":true,"href":"https:\/\/zonaroja.com.mx\/index.php?rest_route=\/wp\/v2\/users\/2"}],"replies":[{"embeddable":true,"href":"https:\/\/zonaroja.com.mx\/index.php?rest_route=%2Fwp%2Fv2%2Fcomments&post=52963"}],"version-history":[{"count":2,"href":"https:\/\/zonaroja.com.mx\/index.php?rest_route=\/wp\/v2\/posts\/52963\/revisions"}],"predecessor-version":[{"id":52971,"href":"https:\/\/zonaroja.com.mx\/index.php?rest_route=\/wp\/v2\/posts\/52963\/revisions\/52971"}],"wp:featuredmedia":[{"embeddable":true,"href":"https:\/\/zonaroja.com.mx\/index.php?rest_route=\/wp\/v2\/media\/52967"}],"wp:attachment":[{"href":"https:\/\/zonaroja.com.mx\/index.php?rest_route=%2Fwp%2Fv2%2Fmedia&parent=52963"}],"wp:term":[{"taxonomy":"category","embeddable":true,"href":"https:\/\/zonaroja.com.mx\/index.php?rest_route=%2Fwp%2Fv2%2Fcategories&post=52963"},{"taxonomy":"post_tag","embeddable":true,"href":"https:\/\/zonaroja.com.mx\/index.php?rest_route=%2Fwp%2Fv2%2Ftags&post=52963"}],"curies":[{"name":"wp","href":"https:\/\/api.w.org\/{rel}","templated":true}]}}