{"id":52969,"date":"2023-03-18T09:30:00","date_gmt":"2023-03-18T15:30:00","guid":{"rendered":"http:\/\/www.zonaroja.com.mx\/?p=52969"},"modified":"2023-03-18T08:10:07","modified_gmt":"2023-03-18T14:10:07","slug":"sociedad-mexicana-de-autores-de-artes-plasticas-respalda-a-luis-fernando-ramirez","status":"publish","type":"post","link":"https:\/\/zonaroja.com.mx\/?p=52969","title":{"rendered":"Sociedad Mexicana de Autores de Artes Pl\u00e1sticas respalda a Luis Fernando Ram\u00edrez"},"content":{"rendered":"\n<p>Ismael Garc\u00eda M.\/Zona Roja.&nbsp;<\/p>\n\n\n\n<p>Oaxaca de Ju\u00e1rez, Oax., a 18 de marzo de 2023.- La Sociedad Mexicana de Autores de las Artes Pl\u00e1sticas S. G. C. de I. P., sali\u00f3 tambi\u00e9n en defensa del artista pl\u00e1stico oaxaque\u00f1o Luis Fernando Ram\u00edrez Garc\u00eda, primer ganador del certamen para la imagen de la Guelaguetza 2023.-&nbsp;<\/p>\n\n\n\n<p>\u201cA juicio de nosotros como artistas pl\u00e1sticos no hubo plagio en la elaboraci\u00f3n de la imagen ganadora por parte del artista Luis Fernando Ram\u00edrez Garc\u00eda. Lo anterior, basado en nuestra experiencia como artistas pl\u00e1sticos y en las diferencias entre la imagen fotogr\u00e1fica y obra titulada \u00abBordados de Tradici\u00f3n e identidad ganadora de este concurso\u201d.<\/p>\n\n\n\n<p>En un comunicado dirigido al jurado calificador del concurso, que presidi\u00f3 la Secretar\u00eda de Turismo del Gobierno del Estado, aseguraron que no encontraron alg\u00fan argumento v\u00e1lido que justifique la descalificaci\u00f3n de su veredicto inicial, \u201cafectando no solo al joven maestro sino a los dem\u00e1s ganadores de los subsiguientes lugares.<\/p>\n\n\n\n<p>\u201cConsideramos que ustedes como jurado, est\u00e1n incumpliendo su misma convocatoria en el punto en que dice que la decisi\u00f3n del jurado ser\u00e1 inapelable.<\/p>\n\n\n\n<p>\u201cSabemos que ya se han elegido las obras que representaran a la Guelaguetza 2023 y no queremos da\u00f1ar los derechos de estos compa\u00f1eros pidiendo que regresen el primer lugar al ganador original.<\/p>\n\n\n\n<p>\u201cPor todo lo anterior, pedimos a nombre de nuestros 1,400 agremiados que le sea ofrecida una disculpa p\u00fablica inmediata en todos los medios de comunicaci\u00f3n a nuestro compa\u00f1ero Luis Fernando Ram\u00edrez Garc\u00eda y que se ofrezca una explicaci\u00f3n l\u00f3gica y plausible del por qu\u00e9 de su decisi\u00f3n, por el bien de este joven artista, por el buen nombre de este Gobierno Constitucional, por el prestigio de ustedes como ciudadanos y como artistas pl\u00e1sticos y por el bien com\u00fan de todos los artistas y artesanos del estado y del pa\u00eds\u201d, se\u00f1alaron.<\/p>\n","protected":false},"excerpt":{"rendered":"<p>Ismael Garc\u00eda M.\/Zona Roja.&nbsp; Oaxaca de Ju\u00e1rez, Oax., a 18 de marzo de 2023.- La&hellip;<\/p>\n","protected":false},"author":2,"featured_media":52966,"comment_status":"closed","ping_status":"open","sticky":false,"template":"","format":"standard","meta":{"_lmt_disableupdate":"","_lmt_disable":"","_jetpack_memberships_contains_paid_content":false,"footnotes":""},"categories":[109,47],"tags":[3471],"class_list":["post-52969","post","type-post","status-publish","format-standard","has-post-thumbnail","hentry","category-minuto-a-minuto","category-zona-gris","tag-luis-fernando-ramirez-garcia"],"jetpack_featured_media_url":"https:\/\/zonaroja.com.mx\/wp-content\/uploads\/2023\/03\/Luis-Fernando-Ramirez-pintor.jpg","jetpack_sharing_enabled":true,"_links":{"self":[{"href":"https:\/\/zonaroja.com.mx\/index.php?rest_route=\/wp\/v2\/posts\/52969","targetHints":{"allow":["GET"]}}],"collection":[{"href":"https:\/\/zonaroja.com.mx\/index.php?rest_route=\/wp\/v2\/posts"}],"about":[{"href":"https:\/\/zonaroja.com.mx\/index.php?rest_route=\/wp\/v2\/types\/post"}],"author":[{"embeddable":true,"href":"https:\/\/zonaroja.com.mx\/index.php?rest_route=\/wp\/v2\/users\/2"}],"replies":[{"embeddable":true,"href":"https:\/\/zonaroja.com.mx\/index.php?rest_route=%2Fwp%2Fv2%2Fcomments&post=52969"}],"version-history":[{"count":1,"href":"https:\/\/zonaroja.com.mx\/index.php?rest_route=\/wp\/v2\/posts\/52969\/revisions"}],"predecessor-version":[{"id":52970,"href":"https:\/\/zonaroja.com.mx\/index.php?rest_route=\/wp\/v2\/posts\/52969\/revisions\/52970"}],"wp:featuredmedia":[{"embeddable":true,"href":"https:\/\/zonaroja.com.mx\/index.php?rest_route=\/wp\/v2\/media\/52966"}],"wp:attachment":[{"href":"https:\/\/zonaroja.com.mx\/index.php?rest_route=%2Fwp%2Fv2%2Fmedia&parent=52969"}],"wp:term":[{"taxonomy":"category","embeddable":true,"href":"https:\/\/zonaroja.com.mx\/index.php?rest_route=%2Fwp%2Fv2%2Fcategories&post=52969"},{"taxonomy":"post_tag","embeddable":true,"href":"https:\/\/zonaroja.com.mx\/index.php?rest_route=%2Fwp%2Fv2%2Ftags&post=52969"}],"curies":[{"name":"wp","href":"https:\/\/api.w.org\/{rel}","templated":true}]}}