{"id":52972,"date":"2023-03-18T15:15:14","date_gmt":"2023-03-18T21:15:14","guid":{"rendered":"http:\/\/www.zonaroja.com.mx\/?p=52972"},"modified":"2023-03-18T15:15:34","modified_gmt":"2023-03-18T21:15:34","slug":"detienen-en-teotihuacan-a-azahara-aylin-n-presunta-asesina-de-la-menor-norma-lizbeth","status":"publish","type":"post","link":"https:\/\/zonaroja.com.mx\/?p=52972","title":{"rendered":"Detienen en Teotihuac\u00e1n a Azahara Aylin \u2018N\u2019, presunta asesina de la menor Norma Lizbeth"},"content":{"rendered":"\n<p>Redacci\u00f3n\/Zona Roja Cdmx.<\/p>\n\n\n\n<p>Ciudad de M\u00e9xico, a 18 de marzo de 2023.- La Fiscal\u00eda del Estado de M\u00e9xico detuvo a Azahara Aylin \u2018N\u2019, presunta asesina de la menor Norma Lizbeth, en Teotihuac\u00e1n.<\/p>\n\n\n\n<p>La joven de 14 a\u00f1os es investigada por la conexi\u00f3n entre la agresi\u00f3n que perpetr\u00f3 contra su compa\u00f1era y la muerte de esta.<\/p>\n\n\n\n<p>Las diligencias practicadas por esta Fiscal\u00eda establecieron que la agresi\u00f3n que sufri\u00f3 la menor, trajo como consecuencia un traumatismo craneoencef\u00e1lico cuya evoluci\u00f3n ocasion\u00f3 su fallecimiento\u201c, inform\u00f3 la autoridad.<\/p>\n\n\n\n<p>Un juez de Control Especializado en el Sistema Integral de Justicia Penal para Adolescentes libr\u00f3 la orden de aprehensi\u00f3n contra Azahara Aylin, tras los indicios presentados por Agentes del Ministerio P\u00fablico Especializados de la Fiscal\u00eda.<\/p>\n\n\n\n<p>La orden de aprehensi\u00f3n se cumpliment\u00f3 en la colonia Santa Mar\u00eda Cozotl\u00e1n y la joven qued\u00f3 a disposici\u00f3n del Juez de Control al interior del Centro de Internamiento Quinta del Bosque.<\/p>\n\n\n\n<p>En la escuela Secundaria No. 518, la menor Norma Lizbeth Ramos era v\u00edctima de \u2018bullying\u2019, por lo que decidi\u00f3 enfrentar a una de sus agresoras.<\/p>\n\n\n\n<p>En la pelea, la joven result\u00f3 gravemente lesionada y muri\u00f3 en un hospital, hecho que conmocion\u00f3 a la comunidad de Teotihuac\u00e1n.<\/p>\n\n\n\n<p>(Informaci\u00f3n de L\u00f3pez-D\u00f3riga Digital)<\/p>\n","protected":false},"excerpt":{"rendered":"<p>Redacci\u00f3n\/Zona Roja Cdmx. Ciudad de M\u00e9xico, a 18 de marzo de 2023.- La Fiscal\u00eda del&hellip;<\/p>\n","protected":false},"author":2,"featured_media":52964,"comment_status":"closed","ping_status":"open","sticky":false,"template":"","format":"standard","meta":{"_lmt_disableupdate":"","_lmt_disable":"","_jetpack_memberships_contains_paid_content":false,"footnotes":""},"categories":[109,47],"tags":[],"class_list":["post-52972","post","type-post","status-publish","format-standard","has-post-thumbnail","hentry","category-minuto-a-minuto","category-zona-gris"],"jetpack_featured_media_url":"https:\/\/zonaroja.com.mx\/wp-content\/uploads\/2023\/03\/Bullyng-y-muerte-estudiante-Teotihuacan.jpg","jetpack_sharing_enabled":true,"_links":{"self":[{"href":"https:\/\/zonaroja.com.mx\/index.php?rest_route=\/wp\/v2\/posts\/52972","targetHints":{"allow":["GET"]}}],"collection":[{"href":"https:\/\/zonaroja.com.mx\/index.php?rest_route=\/wp\/v2\/posts"}],"about":[{"href":"https:\/\/zonaroja.com.mx\/index.php?rest_route=\/wp\/v2\/types\/post"}],"author":[{"embeddable":true,"href":"https:\/\/zonaroja.com.mx\/index.php?rest_route=\/wp\/v2\/users\/2"}],"replies":[{"embeddable":true,"href":"https:\/\/zonaroja.com.mx\/index.php?rest_route=%2Fwp%2Fv2%2Fcomments&post=52972"}],"version-history":[{"count":1,"href":"https:\/\/zonaroja.com.mx\/index.php?rest_route=\/wp\/v2\/posts\/52972\/revisions"}],"predecessor-version":[{"id":52973,"href":"https:\/\/zonaroja.com.mx\/index.php?rest_route=\/wp\/v2\/posts\/52972\/revisions\/52973"}],"wp:featuredmedia":[{"embeddable":true,"href":"https:\/\/zonaroja.com.mx\/index.php?rest_route=\/wp\/v2\/media\/52964"}],"wp:attachment":[{"href":"https:\/\/zonaroja.com.mx\/index.php?rest_route=%2Fwp%2Fv2%2Fmedia&parent=52972"}],"wp:term":[{"taxonomy":"category","embeddable":true,"href":"https:\/\/zonaroja.com.mx\/index.php?rest_route=%2Fwp%2Fv2%2Fcategories&post=52972"},{"taxonomy":"post_tag","embeddable":true,"href":"https:\/\/zonaroja.com.mx\/index.php?rest_route=%2Fwp%2Fv2%2Ftags&post=52972"}],"curies":[{"name":"wp","href":"https:\/\/api.w.org\/{rel}","templated":true}]}}