{"id":52978,"date":"2023-03-18T17:48:39","date_gmt":"2023-03-18T23:48:39","guid":{"rendered":"http:\/\/www.zonaroja.com.mx\/?p=52978"},"modified":"2023-03-18T17:48:41","modified_gmt":"2023-03-18T23:48:41","slug":"toma-protesta-nuevo-comite-estatal-de-aiam-apuesta-al-trabajo-conjunto-con-gobierno","status":"publish","type":"post","link":"https:\/\/zonaroja.com.mx\/?p=52978","title":{"rendered":"Toma protesta nuevo comit\u00e9 estatal de AIAM; apuesta al trabajo conjunto con gobierno"},"content":{"rendered":"\n<p>Yuridiana Sosa\/Zona Roja.<\/p>\n\n\n\n<p>Oaxaca de Ju\u00e1rez, Oax., a 17 de marzo de 2023.- La Asociaci\u00f3n de Ingenieros y Arquitectos de M\u00e9xico (AIAM), que encabeza a nivel nacional Jorge Javier Jim\u00e9nez Alcaraz, y en Oaxaca, Irving Mario Viloria Mart\u00ednez, refrend\u00f3 su disposici\u00f3n por trabajar en conjunto con el gobierno de Oaxaca para alcanzar un mejor desarrollo para la entidad y para M\u00e9xico.<\/p>\n\n\n\n<p>La afirmaci\u00f3n de ambos l\u00edderes, ante los agremiados, ocurri\u00f3 en el marco de la toma de protesta del nuevo Comit\u00e9 Ejecutivo Estatal de la AIAM que preside Mario Viloria Mart\u00ednez.<\/p>\n\n\n\n<p>El presidente nacional, Jorge Jim\u00e9nez Alcaraz, llam\u00f3 a los arquitectos e ingenieros de Oaxaca a sumarse a las tareas que emprende el gobernador, Salom\u00f3n Jara Cruz, y sus secretarios de gobierno a favor de la infraestructura.<\/p>\n\n\n\n<p>Apunt\u00f3 que la suma de estos esfuerzos es para bien de Oaxaca y de M\u00e9xico, por lo que exhort\u00f3 a los nuevos integrantes del Comit\u00e9 Ejecutivo Estatal a seguir con la l\u00ednea de su asociaci\u00f3n en bien del pa\u00eds, por lo cual hay mucho por hacer.<\/p>\n\n\n\n<figure class=\"wp-block-embed is-type-rich is-provider-twitter wp-block-embed-twitter\"><div class=\"wp-block-embed__wrapper\">\n<div class=\"twitter-tweet\"><blockquote class=\"twitter-tweet\" data-lang=\"es\"><p lang=\"es\" dir=\"ltr\"><a href=\"https:\/\/twitter.com\/hashtag\/ENVIVO?src=hash&amp;ref_src=twsrc%5Etfw\">#ENVIVO<\/a><br>Oaxaca de Ju\u00e1rez, Oax., a 17 de marzo de 2023.- Toma de protesta del Comit\u00e9 Ejecutivo Estatal de la Asociaci\u00f3n de Ingenieros y Arquitectos de M\u00e9xico, que encabeza como presidente Irving Mario Viloria Mart\u00ednez.<br>Transmisi\u00f3n \ud83d\udc47<a href=\"https:\/\/t.co\/anX8eKnDhk\">https:\/\/t.co\/anX8eKnDhk<\/a> <a href=\"https:\/\/t.co\/ZIq3phiCLC\">pic.twitter.com\/ZIq3phiCLC<\/a><\/p>&mdash; Zona Roja Oaxaca (@ZonaRoja_Oaxaca) <a href=\"https:\/\/twitter.com\/ZonaRoja_Oaxaca\/status\/1636825773695959041?ref_src=twsrc%5Etfw\">17 de marzo de 2023<\/a><\/blockquote><\/div>\n<\/div><\/figure>\n\n\n\n<p>INTERLOCUCI\u00d3N PERMANENTE<\/p>\n\n\n\n<p>Por su parte, Mario Viloria Mart\u00ednez, subray\u00f3 que la asociaci\u00f3n se mantendr\u00e1, como lo establecen uno de los ejes rectores, como interlocutor de la poblaci\u00f3n con el Estado, con el que, a su vez, han trabajado en los tres niveles de gobierno para atender y resolver los problemas en el \u00e1mbito de su competencia, con el fin de marcar un crecimiento urbano ordenado, que cumpla con la necesidad de la poblaci\u00f3n.<\/p>\n\n\n\n<p>\u201cAqu\u00ed estamos, los ingenieros y arquitectos oaxaque\u00f1os, trabajando por el beneficio de M\u00e9xico, de la colectividad de la poblaci\u00f3n de los mexicanos\u201d, enfatiz\u00f3 el dirigente estatal.<\/p>\n\n\n\n<p>Viloria Mart\u00ednez tambi\u00e9n record\u00f3 la importancia de este sector en la econom\u00eda de un estado, definiendo a su campo laboral como un motor de la reactivaci\u00f3n econ\u00f3mica y desarrollo, desde la generaci\u00f3n inmediata de empleos, hasta obras que impulsan el crecimiento de un lugar.<\/p>\n\n\n\n<p>Por su parte, la Secretaria de Movilidad del\u00a0Gobierno de Oaxaca, Haydee Claudina De Gyves Mendoza, como representante del gobierno en la actividad, destac\u00f3 que la actual administraci\u00f3n del estado trabaja de la mano con los cuerpos colegiados que est\u00e1n a favor del desarrollo, de manera responsable y colaborativa, ello como parte del pacto social que ejercen.\u00a0<\/p>\n\n\n\n<figure class=\"wp-block-embed is-type-rich is-provider-twitter wp-block-embed-twitter\"><div class=\"wp-block-embed__wrapper\">\n<div class=\"twitter-tweet\"><blockquote class=\"twitter-tweet\" data-lang=\"es\"><p lang=\"es\" dir=\"ltr\">La Asociaci\u00f3n de Ingenieros y Arquitectos de M\u00e9xico (AIAM), que encabeza a nivel nacional Javier Jim\u00e9nez Alcaraz y en <a href=\"https:\/\/twitter.com\/hashtag\/Oaxaca?src=hash&amp;ref_src=twsrc%5Etfw\">#Oaxaca<\/a>, Irving Mario Viloria Mart\u00ednez,refrend\u00f3 su disposici\u00f3n por trabajar en conjunto con el <a href=\"https:\/\/twitter.com\/GobOax?ref_src=twsrc%5Etfw\">@goboax<\/a> para alcanzar un mejor desarrollo para la entidad y M\u00e9xico. <a href=\"https:\/\/t.co\/qZ9tQzSUMM\">pic.twitter.com\/qZ9tQzSUMM<\/a><\/p>&mdash; Zona Roja Oaxaca (@ZonaRoja_Oaxaca) <a href=\"https:\/\/twitter.com\/ZonaRoja_Oaxaca\/status\/1637159615468126213?ref_src=twsrc%5Etfw\">18 de marzo de 2023<\/a><\/blockquote><\/div>\n<\/div><\/figure>\n","protected":false},"excerpt":{"rendered":"<p>Yuridiana Sosa\/Zona Roja. Oaxaca de Ju\u00e1rez, Oax., a 17 de marzo de 2023.- La Asociaci\u00f3n&hellip;<\/p>\n","protected":false},"author":2,"featured_media":52980,"comment_status":"closed","ping_status":"open","sticky":false,"template":"","format":"standard","meta":{"_lmt_disableupdate":"","_lmt_disable":"","_jetpack_memberships_contains_paid_content":false,"footnotes":""},"categories":[109,46],"tags":[3472],"class_list":["post-52978","post","type-post","status-publish","format-standard","has-post-thumbnail","hentry","category-minuto-a-minuto","category-zona-blanca","tag-asociacion-de-ingenieros-y-arquitectos-de-mexico-aiam"],"jetpack_featured_media_url":"https:\/\/zonaroja.com.mx\/wp-content\/uploads\/2023\/03\/Asociacion-de-Ingenieros-de-Mexico-Oaxaca.jpg","jetpack_sharing_enabled":true,"_links":{"self":[{"href":"https:\/\/zonaroja.com.mx\/index.php?rest_route=\/wp\/v2\/posts\/52978","targetHints":{"allow":["GET"]}}],"collection":[{"href":"https:\/\/zonaroja.com.mx\/index.php?rest_route=\/wp\/v2\/posts"}],"about":[{"href":"https:\/\/zonaroja.com.mx\/index.php?rest_route=\/wp\/v2\/types\/post"}],"author":[{"embeddable":true,"href":"https:\/\/zonaroja.com.mx\/index.php?rest_route=\/wp\/v2\/users\/2"}],"replies":[{"embeddable":true,"href":"https:\/\/zonaroja.com.mx\/index.php?rest_route=%2Fwp%2Fv2%2Fcomments&post=52978"}],"version-history":[{"count":1,"href":"https:\/\/zonaroja.com.mx\/index.php?rest_route=\/wp\/v2\/posts\/52978\/revisions"}],"predecessor-version":[{"id":52981,"href":"https:\/\/zonaroja.com.mx\/index.php?rest_route=\/wp\/v2\/posts\/52978\/revisions\/52981"}],"wp:featuredmedia":[{"embeddable":true,"href":"https:\/\/zonaroja.com.mx\/index.php?rest_route=\/wp\/v2\/media\/52980"}],"wp:attachment":[{"href":"https:\/\/zonaroja.com.mx\/index.php?rest_route=%2Fwp%2Fv2%2Fmedia&parent=52978"}],"wp:term":[{"taxonomy":"category","embeddable":true,"href":"https:\/\/zonaroja.com.mx\/index.php?rest_route=%2Fwp%2Fv2%2Fcategories&post=52978"},{"taxonomy":"post_tag","embeddable":true,"href":"https:\/\/zonaroja.com.mx\/index.php?rest_route=%2Fwp%2Fv2%2Ftags&post=52978"}],"curies":[{"name":"wp","href":"https:\/\/api.w.org\/{rel}","templated":true}]}}