{"id":52982,"date":"2023-03-18T17:52:49","date_gmt":"2023-03-18T23:52:49","guid":{"rendered":"http:\/\/www.zonaroja.com.mx\/?p=52982"},"modified":"2023-03-18T17:52:51","modified_gmt":"2023-03-18T23:52:51","slug":"realiza-el-congreso-certamen-de-oratoria-en-honor-al-benemerito-de-las-americas","status":"publish","type":"post","link":"https:\/\/zonaroja.com.mx\/?p=52982","title":{"rendered":"Realiza el Congreso certamen de oratoria en honor al Benem\u00e9rito de las Am\u00e9ricas"},"content":{"rendered":"\n<p>Redacci\u00f3n\/Zona Roja.<\/p>\n\n\n\n<p>Oaxaca de Ju\u00e1rez, Oax., a 18 de marzo de 2023.- El Congreso de Oaxaca recibi\u00f3 a 117 ni\u00f1as, ni\u00f1os y j\u00f3venes, quienes acudieron para participar en la edici\u00f3n 21 del Certamen Nacional de Oratoria \u201cLicenciado Benito Ju\u00e1rez Garc\u00eda\u201d, en su etapa estatal, para homenajear al Benem\u00e9rito de las Am\u00e9ricas.&nbsp;<\/p>\n\n\n\n<p>Ante la asistencia de las y los diputados de la 65 Legislatura local, encabezados por Luis Alfonso Silva Romo, presidente de la JUCOPO y Juana Aguilar Espinoza, presidenta de la Comisi\u00f3n Permanente de Educaci\u00f3n, Ciencia, Tecnolog\u00eda e Innovaci\u00f3n; funcionarios municipales, de gobierno estatal, padres, madres de familia, profesores y directivos de diversas escuelas; se realiz\u00f3 la inauguraci\u00f3n del evento, en la que se agradeci\u00f3 a las y los participantes por su inter\u00e9s de concursar.&nbsp;<\/p>\n\n\n\n<p>\u201cNi\u00f1os, ni\u00f1as y j\u00f3venes, les doy las gracias por estar aqu\u00ed con nosotros, porque sin el registro de ustedes este certamen no hubiese sido posible. Es un honor tenerlos a todos ustedes para expresar sus voces\u201d, expres\u00f3 la diputada Juana Aguilar, presidenta de la Comisi\u00f3n Permanente de Educaci\u00f3n, Ciencia, Tecnolog\u00eda e Innovaci\u00f3n.<\/p>\n\n\n\n<p>Por su parte, Luis Alfonso Silva Romo, invit\u00f3 a los menores y j\u00f3venes a siempre exponer su palabra con convicci\u00f3n, conocimiento de la historia y con visi\u00f3n. Asimismo, record\u00f3 el liderazgo del expresidente de M\u00e9xico, Benito Ju\u00e1rez Garc\u00eda, quien pese a sus condiciones de adversidad, sobresali\u00f3, y por ello, celebramos este certamen.<\/p>\n\n\n\n<p>\u201cBenito Pablo Ju\u00e1rez Garc\u00eda decidi\u00f3 aprender, instruirse y le toc\u00f3, por convicci\u00f3n, en uno de los momentos m\u00e1s dif\u00edciles de la historia de nuestro pa\u00eds, defender a la patria, defender a M\u00e9xico, a esa naci\u00f3n que estaba naciendo a la vida, en contra de potencias europeas y tambi\u00e9n conform\u00f3 el Estado Mexicano. Es por ello que nos encontramos aqu\u00ed para conmemorar a Benito Pablo Ju\u00e1rez Garc\u00eda\u201d, explic\u00f3.\u00a0<\/p>\n\n\n\n<figure class=\"wp-block-embed is-type-rich is-provider-twitter wp-block-embed-twitter\"><div class=\"wp-block-embed__wrapper\">\n<div class=\"twitter-tweet\"><blockquote class=\"twitter-tweet\" data-lang=\"es\"><p lang=\"es\" dir=\"ltr\">Me encuentro en el XXI Certamen Nacional de Oratoria &quot;Lic. Benito Ju\u00e1rez Garc\u00eda&quot;, organizado por la Comisi\u00f3n Permanente de Educaci\u00f3n, Ciencia y Tecnolog\u00eda que encabeza mi compa\u00f1era diputada Juana Aguilar Espinoza (<a href=\"https:\/\/twitter.com\/JuanaAguilarXXV?ref_src=twsrc%5Etfw\">@JuanaAguilarXXV<\/a>)<br>Me da mucho gusto ver la calidad de oradoras y\u2026 <a href=\"https:\/\/t.co\/mNSrnrcIEj\">https:\/\/t.co\/mNSrnrcIEj<\/a> <a href=\"https:\/\/t.co\/ZatRJHfzjJ\">pic.twitter.com\/ZatRJHfzjJ<\/a><\/p>&mdash; Luis Alfonso Silva Romo (@LUISALFONSOSR) <a href=\"https:\/\/twitter.com\/LUISALFONSOSR\/status\/1636859175153156098?ref_src=twsrc%5Etfw\">17 de marzo de 2023<\/a><\/blockquote><\/div>\n<\/div><\/figure>\n\n\n\n<p>Y en representaci\u00f3n de todos los participantes, correspondi\u00f3 a Alan Mart\u00edn P\u00e9rez, estudiante de primaria de la comunidad La Trinidad, perteneciente al municipio de Santiago Xiacu\u00ed, de la Sierra de Ju\u00e1rez, recordar la vida e historia del destacado oaxaque\u00f1o Benito Ju\u00e1rez Garc\u00eda.&nbsp;<\/p>\n\n\n\n<p>\u201cA 217 a\u00f1os de su natalicio, recordamos a Benito Ju\u00e1rez porque nos es necesario el fuego, la serenidad y el talento de su pensamiento, por ello, estar aqu\u00ed, en este momento es un privilegio. Dej\u00f3 una huella en la historia, su prestigio lo ayud\u00f3 a sobresalir m\u00e1s all\u00e1 de las fronteras de su estado\u201d, expres\u00f3.&nbsp;<\/p>\n\n\n\n<p>La etapa estatal de esta edici\u00f3n est\u00e1 representada por cuatro categor\u00edas:&nbsp;<\/p>\n\n\n\n<p>&#8211; \u00abA\u00bb, de los ocho a los 11 a\u00f1os de edad, y en la que participaron 18 alumnos; &#8211; \u00abB\u00bb, de 12 a los 15 a\u00f1os, fueron 32 alumnos inscritos;<\/p>\n\n\n\n<p>&#8211; \u00abC\u00bb, de los 15 a los 18 a\u00f1os, concursaron 41 alumnos; y<\/p>\n\n\n\n<p>&#8211; \u00abD\u00bb, de los j\u00f3venes de 19 a 29 a\u00f1os de edad, participaron 26 personas.&nbsp;<\/p>\n\n\n\n<p>El Certamen Nacional de Oratoria \u201cLicenciado Benito Ju\u00e1rez Garc\u00eda\u201d se lleva a cabo en el Congreso local luego de que en el a\u00f1o 2001 fuera aprobada su realizaci\u00f3n.&nbsp;<\/p>\n\n\n\n<p>\u201cLa 57 Legislatura Constitucional del Estado decreta: se instituye el Certamen Nacional de Oratoria \u201cLicenciado Benito Ju\u00e1rez Garc\u00eda\u201d que organizar\u00e1 el Honorable Congreso del Estado, Libre y Soberano de Oaxaca, a trav\u00e9s de la Comisi\u00f3n Permanente de Educaci\u00f3n, en marzo de cada a\u00f1o, para enaltecer la memoria del Benem\u00e9rito de las Am\u00e9ricas\u201d, record\u00f3 la presidenta de la Mesa Directiva, Miriam de los \u00c1ngeles V\u00e1zquez Ruiz, quien ley\u00f3 el decreto 296 mediante el cual se estableci\u00f3 este concurso.<\/p>\n","protected":false},"excerpt":{"rendered":"<p>Redacci\u00f3n\/Zona Roja. Oaxaca de Ju\u00e1rez, Oax., a 18 de marzo de 2023.- El Congreso de&hellip;<\/p>\n","protected":false},"author":2,"featured_media":52979,"comment_status":"closed","ping_status":"open","sticky":false,"template":"","format":"standard","meta":{"_lmt_disableupdate":"","_lmt_disable":"","_jetpack_memberships_contains_paid_content":false,"footnotes":""},"categories":[109,46],"tags":[2743],"class_list":["post-52982","post","type-post","status-publish","format-standard","has-post-thumbnail","hentry","category-minuto-a-minuto","category-zona-blanca","tag-65-legislatura-del-estado-de-oaxaca"],"jetpack_featured_media_url":"https:\/\/zonaroja.com.mx\/wp-content\/uploads\/2023\/03\/FOTO2-Congreso-realiza-certamen-de-oratoria.jpeg","jetpack_sharing_enabled":true,"_links":{"self":[{"href":"https:\/\/zonaroja.com.mx\/index.php?rest_route=\/wp\/v2\/posts\/52982","targetHints":{"allow":["GET"]}}],"collection":[{"href":"https:\/\/zonaroja.com.mx\/index.php?rest_route=\/wp\/v2\/posts"}],"about":[{"href":"https:\/\/zonaroja.com.mx\/index.php?rest_route=\/wp\/v2\/types\/post"}],"author":[{"embeddable":true,"href":"https:\/\/zonaroja.com.mx\/index.php?rest_route=\/wp\/v2\/users\/2"}],"replies":[{"embeddable":true,"href":"https:\/\/zonaroja.com.mx\/index.php?rest_route=%2Fwp%2Fv2%2Fcomments&post=52982"}],"version-history":[{"count":1,"href":"https:\/\/zonaroja.com.mx\/index.php?rest_route=\/wp\/v2\/posts\/52982\/revisions"}],"predecessor-version":[{"id":52983,"href":"https:\/\/zonaroja.com.mx\/index.php?rest_route=\/wp\/v2\/posts\/52982\/revisions\/52983"}],"wp:featuredmedia":[{"embeddable":true,"href":"https:\/\/zonaroja.com.mx\/index.php?rest_route=\/wp\/v2\/media\/52979"}],"wp:attachment":[{"href":"https:\/\/zonaroja.com.mx\/index.php?rest_route=%2Fwp%2Fv2%2Fmedia&parent=52982"}],"wp:term":[{"taxonomy":"category","embeddable":true,"href":"https:\/\/zonaroja.com.mx\/index.php?rest_route=%2Fwp%2Fv2%2Fcategories&post=52982"},{"taxonomy":"post_tag","embeddable":true,"href":"https:\/\/zonaroja.com.mx\/index.php?rest_route=%2Fwp%2Fv2%2Ftags&post=52982"}],"curies":[{"name":"wp","href":"https:\/\/api.w.org\/{rel}","templated":true}]}}