{"id":52984,"date":"2023-03-18T17:56:45","date_gmt":"2023-03-18T23:56:45","guid":{"rendered":"http:\/\/www.zonaroja.com.mx\/?p=52984"},"modified":"2023-03-18T17:56:47","modified_gmt":"2023-03-18T23:56:47","slug":"preliminar-sismo-de-magnitud-6-8-en-ecuador-deja-al-menos-12-muertos","status":"publish","type":"post","link":"https:\/\/zonaroja.com.mx\/?p=52984","title":{"rendered":"Preliminar: sismo de magnitud 6.8 en Ecuador deja al menos 12 muertos"},"content":{"rendered":"\n<p>Redacci\u00f3n\/Zona Roja Cdmx.<\/p>\n\n\n\n<p>Ciudad de M\u00e9xico, a 18 de marzo de 2023.- Un fuerte sismo sacudi\u00f3 la zona costera del sur de Ecuador y el norte de Per\u00fa este s\u00e1bado, causando al menos 12 muertos y da\u00f1os estructurales en varias ciudades, de acuerdo con informes preliminares de las autoridades.<\/p>\n\n\n\n<p>\u201cHasta el momento, se reporta 12 fallecidos (11 en la provincia de El Oro y uno en la provincia de Azuay)\u201d, indic\u00f3 la Presidencia de&nbsp;Ecuador&nbsp;en una publicaci\u00f3n en Twitter. Y se\u00f1al\u00f3 que \u201chay personas heridas que est\u00e1n siendo atendidas oportunamente en los hospitales\u201d.<\/p>\n\n\n\n<p>La Secretar\u00eda de Gesti\u00f3n de Riesgos de Ecuador hab\u00eda confirmado previamente un fallecido en la ciudad de Cuenca -310 kil\u00f3metros al sur de Quito-, al desplomarse la fachada de una casa sobre un veh\u00edculo que circulaba en la calle, y tres muertos en la localidad de Machala. Adem\u00e1s, comunic\u00f3 que se registraron afectaciones en cuatro provincias del pa\u00eds.<\/p>\n\n\n\n<p>El Servicio Geol\u00f3gico de Estados Unidos report\u00f3 el movimiento tel\u00farico de magnitud 6,8 en la regi\u00f3n costera del Guayas. Tuvo su epicentro a unos 80 kil\u00f3metros al sur de Guayaquil, la segunda ciudad m\u00e1s grande de Ecuador, donde se reporta preliminarmente edificios y casas cuarteados, vidrios rotos, algunas paredes ca\u00eddas, y locales comerciales que cerraban por temor a r\u00e9plicas.<\/p>\n\n\n\n<p>\u201cTras el sismo ocurrido y present\u00e1ndose varias afectaciones en estructuras, he convocado al COE (Centro de Operaciones de Emergencia) Nacional (&#8230;). Ejecutaremos acciones de manera inmediata\u201d, escribi\u00f3 el presidente ecuatoriano Guillermo Lasso en su cuenta de Twitter.<\/p>\n\n\n\n<p>Las autoridades tambi\u00e9n han dispuesto el cierre de tres t\u00faneles de vialidad que permiten el desplazamiento vehicular entre diversos sectores de Guayaquil. En redes sociales se publicaron videos de casas parcialmente colapsadas en Cuenca y Machala, donde se hundi\u00f3 uno de sus muelles a causa del sismo.<\/p>\n\n\n\n<p>El terremoto tuvo lugar a las 12:53 horas (17:53 GMT) en una zona localizada cerca de la isla Pun\u00e1, de muy baja densidad poblacional, y fue sentido en el norte de Per\u00fa.<\/p>\n\n\n\n<p>\u201cSalimos corriendo a las calles, estuvo bien feo esta situaci\u00f3n. Nos asustamos mucho, nosotros estamos cerca del epicentro, fue mucho el susto\u201d, relat\u00f3 a Reuters Ernesto Alvarado, habitante de la isla ecuatoriana de Pun\u00e1.<\/p>\n\n\n\n<p>La Secretar\u00eda de Gesti\u00f3n de Riesgos tambi\u00e9n dijo que tres instalaciones de la estatal Petroecuador (Terminal Pascuales, planta GNL y Terminal 3 Bocas) suspendieron de manera preventiva sus actividades y fueron evacuadas. \u201cEl sector hidrocarburos no registra novedades, por el momento\u201d, se\u00f1al\u00f3.<\/p>\n\n\n\n<p>(Informaci\u00f3n de Infobae M\u00e9xico)<\/p>\n","protected":false},"excerpt":{"rendered":"<p>Redacci\u00f3n\/Zona Roja Cdmx. Ciudad de M\u00e9xico, a 18 de marzo de 2023.- Un fuerte sismo&hellip;<\/p>\n","protected":false},"author":2,"featured_media":52985,"comment_status":"closed","ping_status":"open","sticky":false,"template":"","format":"standard","meta":{"_lmt_disableupdate":"","_lmt_disable":"","_jetpack_memberships_contains_paid_content":false,"footnotes":""},"categories":[109,47],"tags":[3473],"class_list":["post-52984","post","type-post","status-publish","format-standard","has-post-thumbnail","hentry","category-minuto-a-minuto","category-zona-gris","tag-sismo-ecuador"],"jetpack_featured_media_url":"https:\/\/zonaroja.com.mx\/wp-content\/uploads\/2023\/03\/Sismo-Ecuador.jpeg","jetpack_sharing_enabled":true,"_links":{"self":[{"href":"https:\/\/zonaroja.com.mx\/index.php?rest_route=\/wp\/v2\/posts\/52984","targetHints":{"allow":["GET"]}}],"collection":[{"href":"https:\/\/zonaroja.com.mx\/index.php?rest_route=\/wp\/v2\/posts"}],"about":[{"href":"https:\/\/zonaroja.com.mx\/index.php?rest_route=\/wp\/v2\/types\/post"}],"author":[{"embeddable":true,"href":"https:\/\/zonaroja.com.mx\/index.php?rest_route=\/wp\/v2\/users\/2"}],"replies":[{"embeddable":true,"href":"https:\/\/zonaroja.com.mx\/index.php?rest_route=%2Fwp%2Fv2%2Fcomments&post=52984"}],"version-history":[{"count":1,"href":"https:\/\/zonaroja.com.mx\/index.php?rest_route=\/wp\/v2\/posts\/52984\/revisions"}],"predecessor-version":[{"id":52986,"href":"https:\/\/zonaroja.com.mx\/index.php?rest_route=\/wp\/v2\/posts\/52984\/revisions\/52986"}],"wp:featuredmedia":[{"embeddable":true,"href":"https:\/\/zonaroja.com.mx\/index.php?rest_route=\/wp\/v2\/media\/52985"}],"wp:attachment":[{"href":"https:\/\/zonaroja.com.mx\/index.php?rest_route=%2Fwp%2Fv2%2Fmedia&parent=52984"}],"wp:term":[{"taxonomy":"category","embeddable":true,"href":"https:\/\/zonaroja.com.mx\/index.php?rest_route=%2Fwp%2Fv2%2Fcategories&post=52984"},{"taxonomy":"post_tag","embeddable":true,"href":"https:\/\/zonaroja.com.mx\/index.php?rest_route=%2Fwp%2Fv2%2Ftags&post=52984"}],"curies":[{"name":"wp","href":"https:\/\/api.w.org\/{rel}","templated":true}]}}