{"id":52992,"date":"2023-03-19T07:41:00","date_gmt":"2023-03-19T13:41:00","guid":{"rendered":"http:\/\/www.zonaroja.com.mx\/?p=52992"},"modified":"2023-03-19T06:50:37","modified_gmt":"2023-03-19T12:50:37","slug":"garantiza-lopez-obrador-continuidad-de-gobierno-con-morena-en-2024","status":"publish","type":"post","link":"https:\/\/zonaroja.com.mx\/?p=52992","title":{"rendered":"Garantiza L\u00f3pez Obrador continuidad de gobierno con Morena en 2024"},"content":{"rendered":"\n<p>Redacci\u00f3n\/Zona Roja Cdmx.<\/p>\n\n\n\n<p>Ciudad de M\u00e9xico, a 19 de marzo de 2023.- Andr\u00e9s Manuel L\u00f3pez Obrador, Presidente de M\u00e9xico, dio todo su respaldo a los aspirantes a candidatos presidenciales de&nbsp; la Cuarta Transformaci\u00f3n, e hizo un llamado a su movimiento para mantener la unidad.<\/p>\n\n\n\n<p>En la conmemoraci\u00f3n del 85 aniversario de la Expropiaci\u00f3n Petrolera, L\u00f3pez Obrador dej\u00f3 en claro que cualquiera de los aspirantes garantiza continuidad con cambio.<\/p>\n\n\n\n<p>\u201cEstoy convencido que cualquiera de los aspirantes que resulte triunfador en la encuesta para elegir al candidato de nuestro movimiento aplicar\u00e1 la misma pol\u00edtica en favor del pueblo y de la naci\u00f3n. Est\u00e1 asegura la continuidad con cambio, no hay nada qu\u00e9 temer\u201d, agreg\u00f3.<\/p>\n\n\n\n<p>\u201cEso s\u00ed, tenemos que mantenernos unidos, mirando siempre hacia el porvenir y felicidad de nuestros semejantes, trabajando desde abajo y con la gente, sin descuidar la estrategia que llamamos acertadamente la revoluci\u00f3n de las consciencias para continuar avanzando e el cambio de mentalidad, para seguir politizando a nuestro pueblo\u201d, redonde\u00f3.<\/p>\n\n\n\n<p>El mandatario mexicano dej\u00f3 en claro que su movimiento no aceptar\u00e1 nunca que en M\u00e9xico se imponga una minor\u00eda a costa del empobrecimiento de las mayor\u00edas.<\/p>\n\n\n\n<p>\u201cSolo con el pueblo, con el apoyo de las mayor\u00edas se puede llevar a cabo una transformaci\u00f3n popular para hacer valer la justicia y enfrentar a los reaccionarios que se oponen a perder privilegios. Por eso, hoy de nuevo manifestamos, exclamamos a los cuatro vientos: nada de zigzaguear, sigamos anclados en nuestros principios, reafirmemos la decisi\u00f3n y el rumbo que hemos tomado desde que inici\u00f3 el Gobierno\u201d, pronunci\u00f3.<\/p>\n\n\n\n<p>No a las medias tintas, no aceptaremos nunca que en M\u00e9xico se imponga una minor\u00eda a costa de la humillaci\u00f3n y el empobrecimiento de las mayor\u00edas\u201d, subray\u00f3.<\/p>\n\n\n\n<p>L\u00f3pez Obrador refiri\u00f3 que se va a \u201cseguir contrarrestando la guerra sucia, las campa\u00f1as de calumnias. los intentos de manipulaci\u00f3n que seguir\u00e1n llevando a cabo porque no les queda de otra a nuestras adversarios y sus medios informaci\u00f3n vendidos, alquilados, en manos de los miembros del cloque conservador y corrupto\u201d.<\/p>\n\n\n\n<p>Al mismo tiempo debemos tener fe en la sabidur\u00eda y lealtad del pueblo, el pueblo no traiciona. Recordemos que el triunfo de la reacci\u00f3n es moralmente imposible, estamos constatando que la idea y pr\u00e1ctica de exaltar el humanismo mexicano es el\u00e9ctrica y est\u00e1 llegando a la consciencia de millones de personas, en eso bas\u00f3 mi optimismo\u201d, subray\u00f3.<\/p>\n\n\n\n<p>(Informaci\u00f3n de L\u00f3pez-D\u00f3riga Digital)<\/p>\n\n\n\n<figure class=\"wp-block-embed is-type-rich is-provider-twitter wp-block-embed-twitter\"><div class=\"wp-block-embed__wrapper\">\n<div class=\"twitter-tweet\"><blockquote class=\"twitter-tweet\" data-lang=\"es\"><p lang=\"es\" dir=\"ltr\"><a href=\"https:\/\/twitter.com\/hashtag\/%C3%9AltimoMinuto?src=hash&amp;ref_src=twsrc%5Etfw\">#\u00daltimoMinuto<\/a><br>En un z\u00f3calo abarrotado, el Presidente <a href=\"https:\/\/twitter.com\/lopezobrador_?ref_src=twsrc%5Etfw\">@lopezobrador_<\/a> inicia su mensaje en el marco de la conmemoraci\u00f3n del 85 aniversario de la Expropiaci\u00f3n Petrolera de M\u00e9xico. <a href=\"https:\/\/t.co\/jEncUWKPxG\">pic.twitter.com\/jEncUWKPxG<\/a><\/p>&mdash; Zona Roja Oaxaca (@ZonaRoja_Oaxaca) <a href=\"https:\/\/twitter.com\/ZonaRoja_Oaxaca\/status\/1637238389735923714?ref_src=twsrc%5Etfw\">18 de marzo de 2023<\/a><\/blockquote><\/div>\n<\/div><\/figure>\n","protected":false},"excerpt":{"rendered":"<p>Redacci\u00f3n\/Zona Roja Cdmx. Ciudad de M\u00e9xico, a 19 de marzo de 2023.- Andr\u00e9s Manuel L\u00f3pez&hellip;<\/p>\n","protected":false},"author":2,"featured_media":52993,"comment_status":"closed","ping_status":"open","sticky":false,"template":"","format":"standard","meta":{"_lmt_disableupdate":"","_lmt_disable":"","_jetpack_memberships_contains_paid_content":false,"footnotes":""},"categories":[109,46],"tags":[143],"class_list":["post-52992","post","type-post","status-publish","format-standard","has-post-thumbnail","hentry","category-minuto-a-minuto","category-zona-blanca","tag-andres-manuel-lopez-obrador"],"jetpack_featured_media_url":"https:\/\/zonaroja.com.mx\/wp-content\/uploads\/2023\/03\/Mitin-Lopez-Obrador-Pemex-zocalo.jpeg","jetpack_sharing_enabled":true,"_links":{"self":[{"href":"https:\/\/zonaroja.com.mx\/index.php?rest_route=\/wp\/v2\/posts\/52992","targetHints":{"allow":["GET"]}}],"collection":[{"href":"https:\/\/zonaroja.com.mx\/index.php?rest_route=\/wp\/v2\/posts"}],"about":[{"href":"https:\/\/zonaroja.com.mx\/index.php?rest_route=\/wp\/v2\/types\/post"}],"author":[{"embeddable":true,"href":"https:\/\/zonaroja.com.mx\/index.php?rest_route=\/wp\/v2\/users\/2"}],"replies":[{"embeddable":true,"href":"https:\/\/zonaroja.com.mx\/index.php?rest_route=%2Fwp%2Fv2%2Fcomments&post=52992"}],"version-history":[{"count":1,"href":"https:\/\/zonaroja.com.mx\/index.php?rest_route=\/wp\/v2\/posts\/52992\/revisions"}],"predecessor-version":[{"id":52994,"href":"https:\/\/zonaroja.com.mx\/index.php?rest_route=\/wp\/v2\/posts\/52992\/revisions\/52994"}],"wp:featuredmedia":[{"embeddable":true,"href":"https:\/\/zonaroja.com.mx\/index.php?rest_route=\/wp\/v2\/media\/52993"}],"wp:attachment":[{"href":"https:\/\/zonaroja.com.mx\/index.php?rest_route=%2Fwp%2Fv2%2Fmedia&parent=52992"}],"wp:term":[{"taxonomy":"category","embeddable":true,"href":"https:\/\/zonaroja.com.mx\/index.php?rest_route=%2Fwp%2Fv2%2Fcategories&post=52992"},{"taxonomy":"post_tag","embeddable":true,"href":"https:\/\/zonaroja.com.mx\/index.php?rest_route=%2Fwp%2Fv2%2Ftags&post=52992"}],"curies":[{"name":"wp","href":"https:\/\/api.w.org\/{rel}","templated":true}]}}