{"id":52996,"date":"2023-03-19T08:54:00","date_gmt":"2023-03-19T14:54:00","guid":{"rendered":"http:\/\/www.zonaroja.com.mx\/?p=52996"},"modified":"2023-03-19T07:07:33","modified_gmt":"2023-03-19T13:07:33","slug":"resalta-oaxaca-y-sus-mujeres-entre-estados-con-mas-actividad-en-las-artesanias","status":"publish","type":"post","link":"https:\/\/zonaroja.com.mx\/?p=52996","title":{"rendered":"Resalta Oaxaca y sus mujeres entre estados con m\u00e1s actividad en las artesan\u00edas"},"content":{"rendered":"\n<p>Yuridiana Sosa\/Zona Roja<\/p>\n\n\n\n<p>Oaxaca de Ju\u00e1rez, Oax., a 19 de marzo de 2023.- La multiculturalidad de Oaxaca le ha permitido colocarse entre los estados con mayor actividad en las artesan\u00edas, as\u00ed como ser fuente de ingresos para miles de mujeres, principalmente.<\/p>\n\n\n\n<p>De acuerdo al Instituto Nacional de Estad\u00edstica y Geograf\u00eda (Inegi), con relaci\u00f3n al D\u00eda Internacional del Artesano, la entidad oaxaque\u00f1a es la segunda en M\u00e9xico con m\u00e1s unidades econ\u00f3micas dedicadas al comercio al por menor de artesan\u00edas, s\u00f3lo por debajo de Jalisco y por encima de Quintana Roo.<\/p>\n\n\n\n<p>La cantidad de negocios de este tipo en dichas entidades es de entre el 10.2 por ciento y 6.9 por ciento del total de unidades econ\u00f3micas en esos estados.<\/p>\n\n\n\n<p>Las artesan\u00edas son fuente de ingresos para miles de mujeres en M\u00e9xico, quienes representaban el 60.3 por ciento de la mano de obra sobre el 41.3 por ciento de los hombres, seg\u00fan datos del Inegi, hasta el 2018.<\/p>\n\n\n\n<p>En ese sentido, en Oaxaca la actividad de las artesan\u00edas est\u00e1 representada por el 70.6 por ciento de mujeres dedicadas a este sector, mientras que el 29.4 por ciento son hombres; esta cifra coloca a la entidad en tercer lugar con m\u00e1s artesanas.<\/p>\n\n\n\n<p>Chiapas es la entidad que m\u00e1s artesanas contempla, con el 76.7 por ciento de mujeres en el sector de las artesan\u00edas y, en segundo lugar, Aguascalientes, con el 70.9 por ciento.<\/p>\n\n\n\n<p>CRECIMIENTO Y PROTECCI\u00d3N<\/p>\n\n\n\n<p>El director general del Instituto para el Fomento y la Protecci\u00f3n de las Artesan\u00edas (IFPA) Emilio De Leo Blanco, se\u00f1al\u00f3 a ZONA ROJA que recibieron un padr\u00f3n de ocho mil 368 personas dedicadas a las artesan\u00edas en Oaxaca, el cual se encuentra en validaci\u00f3n y expansi\u00f3n.<\/p>\n\n\n\n<p>En los primeros meses han logrado validar 800 renovaciones de credenciales y 300 nuevos ingresos, as\u00ed como extendiendo la participaci\u00f3n de artesanos de m\u00e1s municipios, al pasar de 60 a 101 localidades.<\/p>\n\n\n\n<p>Entre las principales metas del instituto, dijo, es obtener una declaratoria de patrimonio cultural a nivel estatal en las diferentes ramas de la artesan\u00eda, iniciando este a\u00f1o con trabajos relacionados a la alfarer\u00eda, y de esta forma el Congreso de Oaxaca emita dicha declaratoria.<\/p>\n\n\n\n<p>As\u00ed como la reactivaci\u00f3n de las diferentes ferias artesanales que se pausaron con la pandemia; avanzar con el padr\u00f3n; extender la presencia de los artesanos y artesanas de Oaxaca en ferias de otros estados; aumentar las capacitaciones para que los trabajadores de las artesan\u00edas encuentren la independencia laboral, desde el \u00e1mbito fiscal, seguridad social y el uso de tecnolog\u00edas.<\/p>\n\n\n\n<p>FESTEJO EN OAXACA<\/p>\n\n\n\n<p>Para celebrar el D\u00eda de la Artesana y Artesano en Oaxaca, el gobierno del estado realizar\u00e1 una serie de actividades que comenzaron desde el pasado 15 de marzo y se extienden hasta el 9 de abril.<\/p>\n\n\n\n<p>El pr\u00f3ximo evento ser\u00e1 el 24 de marzo, con la entrega de reconocimientos al sector artesanal y una expoventa en la explanada de San Mart\u00edn Tilcajete.<\/p>\n\n\n\n<p>Del 2 al 9 de abril se realizar\u00e1 una muestra artesanal por Semana Santa en las instalaciones de la tienda de Artesan\u00edas en la calle de Garc\u00eda Vigil, Centro Hist\u00f3rico de Oaxaca.<\/p>\n\n\n\n<p>Este a\u00f1o, por razones de presupuesto que incluye el pago de los gastos para la instancia de los artesanos, ser\u00e1n 20 participantes expositores en la feria.<\/p>\n\n\n\n<p>NACIONAL<\/p>\n\n\n\n<p>El Instituto Nacional de Estad\u00edstica y Geograf\u00eda (Inegi) report\u00f3 que datos de la Cuenta Sat\u00e9lite de la Cultura de M\u00e9xico, en 2021, la actividad econ\u00f3mica generada por las artesan\u00edas ascendi\u00f3 a 153 437 millones de pesos, lo que represent\u00f3 0.6 por ciento del Producto Interno Bruto (PIB) Nacional.<\/p>\n\n\n\n<p>Durante el 2021, las artesan\u00edas generaron 479 mil 655 puestos de trabajo remunerado.<\/p>\n\n\n\n<p>En el a\u00f1o 2020, en medio de la pandemia por Covid-19, el PIB de las artesan\u00edas present\u00f3 una ca\u00edda anual de 15.3 por ciento, en t\u00e9rminos reales, respecto a 2019.<\/p>\n\n\n\n<p>En 1995, la C\u00e1mara de Diputados instaur\u00f3 el 19 de marzo como el D\u00eda del Artesano. El objetivo es dar visibilidad a este oficio como un baluarte de la tradici\u00f3n y cultura de M\u00e9xico.<\/p>\n\n\n\n<p>El Fondo Nacional para el Fomento de las Artesan\u00edas (FONART) destaca este d\u00eda con la finalidad de reconocer a las y los artesanos como artistas y representantes de la cultura, pues con su actividad, preservan conocimientos, tradiciones y costumbres.<\/p>\n","protected":false},"excerpt":{"rendered":"<p>Yuridiana Sosa\/Zona Roja Oaxaca de Ju\u00e1rez, Oax., a 19 de marzo de 2023.- La multiculturalidad&hellip;<\/p>\n","protected":false},"author":2,"featured_media":52997,"comment_status":"closed","ping_status":"open","sticky":false,"template":"","format":"standard","meta":{"_lmt_disableupdate":"","_lmt_disable":"","_jetpack_memberships_contains_paid_content":false,"footnotes":""},"categories":[109,46],"tags":[3474],"class_list":["post-52996","post","type-post","status-publish","format-standard","has-post-thumbnail","hentry","category-minuto-a-minuto","category-zona-blanca","tag-dia-del-artesano-oaxaca"],"jetpack_featured_media_url":"https:\/\/zonaroja.com.mx\/wp-content\/uploads\/2023\/03\/Artesanias-barro-negro-Oaxaca.png","jetpack_sharing_enabled":true,"_links":{"self":[{"href":"https:\/\/zonaroja.com.mx\/index.php?rest_route=\/wp\/v2\/posts\/52996","targetHints":{"allow":["GET"]}}],"collection":[{"href":"https:\/\/zonaroja.com.mx\/index.php?rest_route=\/wp\/v2\/posts"}],"about":[{"href":"https:\/\/zonaroja.com.mx\/index.php?rest_route=\/wp\/v2\/types\/post"}],"author":[{"embeddable":true,"href":"https:\/\/zonaroja.com.mx\/index.php?rest_route=\/wp\/v2\/users\/2"}],"replies":[{"embeddable":true,"href":"https:\/\/zonaroja.com.mx\/index.php?rest_route=%2Fwp%2Fv2%2Fcomments&post=52996"}],"version-history":[{"count":1,"href":"https:\/\/zonaroja.com.mx\/index.php?rest_route=\/wp\/v2\/posts\/52996\/revisions"}],"predecessor-version":[{"id":52998,"href":"https:\/\/zonaroja.com.mx\/index.php?rest_route=\/wp\/v2\/posts\/52996\/revisions\/52998"}],"wp:featuredmedia":[{"embeddable":true,"href":"https:\/\/zonaroja.com.mx\/index.php?rest_route=\/wp\/v2\/media\/52997"}],"wp:attachment":[{"href":"https:\/\/zonaroja.com.mx\/index.php?rest_route=%2Fwp%2Fv2%2Fmedia&parent=52996"}],"wp:term":[{"taxonomy":"category","embeddable":true,"href":"https:\/\/zonaroja.com.mx\/index.php?rest_route=%2Fwp%2Fv2%2Fcategories&post=52996"},{"taxonomy":"post_tag","embeddable":true,"href":"https:\/\/zonaroja.com.mx\/index.php?rest_route=%2Fwp%2Fv2%2Ftags&post=52996"}],"curies":[{"name":"wp","href":"https:\/\/api.w.org\/{rel}","templated":true}]}}