{"id":52999,"date":"2023-03-19T10:00:00","date_gmt":"2023-03-19T16:00:00","guid":{"rendered":"http:\/\/www.zonaroja.com.mx\/?p=52999"},"modified":"2023-03-19T07:14:49","modified_gmt":"2023-03-19T13:14:49","slug":"exponen-en-palacio-municipal-obras-del-poder-judicial-sobre-derechos-humanos","status":"publish","type":"post","link":"https:\/\/zonaroja.com.mx\/?p=52999","title":{"rendered":"Exponen en palacio municipal obras del Poder Judicial sobre derechos humanos"},"content":{"rendered":"\n<p>Redacci\u00f3n\/Zona Roja.<\/p>\n\n\n\n<p>Oaxaca de Ju\u00e1rez, Oax., a 19 de marzo de 2023.- El titular del Poder Judicial del Estado,&nbsp;magistrado Eduardo Pinacho S\u00e1nchez y el presidente municipal de Oaxaca de Ju\u00e1rez, Francisco Mart\u00ednez Neri, inauguraron&nbsp;en el palacio municipal&nbsp;la exposici\u00f3n itinerante&nbsp;\u201cUna mirada art\u00edstica a los derechos humanos\u201d, que re\u00fane&nbsp;30&nbsp;piezas,&nbsp;entre pinturas y fotograf\u00edas, con&nbsp;un mensaje al respeto, diversidad e igualdad, a trav\u00e9s de&nbsp;una visi\u00f3n de expresiones, emociones,&nbsp;sentimientos&nbsp;y humanismo.<\/p>\n\n\n\n<p>Las&nbsp;obras, que&nbsp;han ilustrado las&nbsp;publicaciones&nbsp;mensuales del Bolet\u00edn: Derechos Humanos, G\u00e9nero y Justicia, as\u00ed como las colecciones G\u00e9nero y Derechos Humanos, Derechos Humanos y Pluralismo Jur\u00eddico y T\u00f3picos en Derechos Humanos, que edita la Direcci\u00f3n de Derechos Humanos del Consejo de la Judicatura, permanecer\u00e1n&nbsp;hasta el 15 de abril en&nbsp;ese&nbsp;hist\u00f3rico&nbsp;espacio.&nbsp;<\/p>\n\n\n\n<p>En su intervenci\u00f3n, el Magistrado Presidente reconoci\u00f3 la disposici\u00f3n del edil capitalino para abrir&nbsp;espacio a la libertad art\u00edstica como&nbsp;un medio que acerque&nbsp;los Derechos Humanos a la&nbsp;ciudadan\u00eda,&nbsp;como es el objetivo de esta exposici\u00f3n itinerante&nbsp;que busca llegar a todos los sectores de la sociedad.&nbsp;<\/p>\n\n\n\n<p>Ante la regidora&nbsp;de Derechos Humanos y Asuntos Ind\u00edgenas, Mirna L\u00f3pez Torres y la directora de Derechos Humanos del Consejo de la Judicatura, Nidia Mart\u00ednez Esteva, indic\u00f3 que actualmente se requiere de generar las condiciones para que estos derechos sean respetados y se terminen las violaciones; para ello, dijo, el Poder Judicial del Estado ha emprendido&nbsp;la difusi\u00f3n de este tema y estrategias&nbsp;innovadoras&nbsp;que involucran al arte.&nbsp;<\/p>\n\n\n\n<p>Por su parte,&nbsp;en la ceremonia, en la que estuvo presente el artista Horacio Gir\u00f3n,&nbsp;el presidente municipal de Oaxaca de Ju\u00e1rez,&nbsp;se\u00f1al\u00f3 que el arte es un gran instrumento educador,&nbsp;por lo que celebr\u00f3 esta colaboraci\u00f3n conjunta con el Poder Judicial&nbsp;del Estado&nbsp;que aporta&nbsp;a otra forma de mirar los Derechos Humanos.<\/p>\n\n\n\n<p>La exposici\u00f3n \u201cUna mirada art\u00edstica a los derechos humanos\u201d,\u00a0se ha presentado en\u00a0Ciudad Judicial, en los\u00a0Juzgados Civiles y Familiares\u00a0del\u00a0Centro\u00a0y en la Ciudad Administrativa de Ocotl\u00e1n de Morelos.<\/p>\n\n\n\n<figure class=\"wp-block-embed is-type-rich is-provider-twitter wp-block-embed-twitter\"><div class=\"wp-block-embed__wrapper\">\n<div class=\"twitter-tweet\"><blockquote class=\"twitter-tweet\" data-lang=\"es\"><p lang=\"es\" dir=\"ltr\">El titular del Poder Judicial (@tsjeoaxaca), Eduardo Pinacho S\u00e1nchez, y el edil de Oaxaca de Ju\u00e1rez, <a href=\"https:\/\/twitter.com\/FMartinezNeri?ref_src=twsrc%5Etfw\">@fmartinezneri<\/a>, inauguraron la exposici\u00f3n &quot;Una mirada art\u00edstica a los derechos humanos\u201d, que re\u00fane 30 piezas art\u00edsticas y se encuentra abierta al p\u00fablico de manera gratuita. <a href=\"https:\/\/t.co\/ZErWrkJ6bL\">pic.twitter.com\/ZErWrkJ6bL<\/a><\/p>&mdash; Zona Roja Oaxaca (@ZonaRoja_Oaxaca) <a href=\"https:\/\/twitter.com\/ZonaRoja_Oaxaca\/status\/1637131881031561218?ref_src=twsrc%5Etfw\">18 de marzo de 2023<\/a><\/blockquote><\/div>\n<\/div><\/figure>\n","protected":false},"excerpt":{"rendered":"<p>Redacci\u00f3n\/Zona Roja. Oaxaca de Ju\u00e1rez, Oax., a 19 de marzo de 2023.- El titular del&hellip;<\/p>\n","protected":false},"author":2,"featured_media":53000,"comment_status":"closed","ping_status":"open","sticky":false,"template":"","format":"standard","meta":{"_lmt_disableupdate":"","_lmt_disable":"","_jetpack_memberships_contains_paid_content":false,"footnotes":""},"categories":[109,46],"tags":[223],"class_list":["post-52999","post","type-post","status-publish","format-standard","has-post-thumbnail","hentry","category-minuto-a-minuto","category-zona-blanca","tag-poder-judicial-de-oaxaca"],"jetpack_featured_media_url":"https:\/\/zonaroja.com.mx\/wp-content\/uploads\/2023\/03\/Exposicion-Poder-Judicial-en-ayuntamiento.jpg","jetpack_sharing_enabled":true,"_links":{"self":[{"href":"https:\/\/zonaroja.com.mx\/index.php?rest_route=\/wp\/v2\/posts\/52999","targetHints":{"allow":["GET"]}}],"collection":[{"href":"https:\/\/zonaroja.com.mx\/index.php?rest_route=\/wp\/v2\/posts"}],"about":[{"href":"https:\/\/zonaroja.com.mx\/index.php?rest_route=\/wp\/v2\/types\/post"}],"author":[{"embeddable":true,"href":"https:\/\/zonaroja.com.mx\/index.php?rest_route=\/wp\/v2\/users\/2"}],"replies":[{"embeddable":true,"href":"https:\/\/zonaroja.com.mx\/index.php?rest_route=%2Fwp%2Fv2%2Fcomments&post=52999"}],"version-history":[{"count":1,"href":"https:\/\/zonaroja.com.mx\/index.php?rest_route=\/wp\/v2\/posts\/52999\/revisions"}],"predecessor-version":[{"id":53001,"href":"https:\/\/zonaroja.com.mx\/index.php?rest_route=\/wp\/v2\/posts\/52999\/revisions\/53001"}],"wp:featuredmedia":[{"embeddable":true,"href":"https:\/\/zonaroja.com.mx\/index.php?rest_route=\/wp\/v2\/media\/53000"}],"wp:attachment":[{"href":"https:\/\/zonaroja.com.mx\/index.php?rest_route=%2Fwp%2Fv2%2Fmedia&parent=52999"}],"wp:term":[{"taxonomy":"category","embeddable":true,"href":"https:\/\/zonaroja.com.mx\/index.php?rest_route=%2Fwp%2Fv2%2Fcategories&post=52999"},{"taxonomy":"post_tag","embeddable":true,"href":"https:\/\/zonaroja.com.mx\/index.php?rest_route=%2Fwp%2Fv2%2Ftags&post=52999"}],"curies":[{"name":"wp","href":"https:\/\/api.w.org\/{rel}","templated":true}]}}